{"id":1229,"date":"2016-06-02T12:26:49","date_gmt":"2016-06-02T10:26:49","guid":{"rendered":"http:\/\/agora.xtec.cat\/ceipmdangels\/?p=1229"},"modified":"2022-04-21T16:11:51","modified_gmt":"2022-04-21T14:11:51","slug":"fang","status":"publish","type":"post","link":"https:\/\/agora.xtec.cat\/ceipmdangels\/portada\/fang\/","title":{"rendered":"Fang!!!"},"content":{"rendered":"<p>Els nens i nenes de 1r els encanta fer pl\u00e0stica. \u00c9s un moment d\u2019expressi\u00f3 personal on cadasc\u00fa desenvolupa la seva individualitat m\u00e9s creativa en all\u00f2 que fa&#8230; L\u2019\u00faltim treball (a part de la tapa de l\u2019\u00e0lbum) \u00e9s el fang!!! Amb el fang hem apr\u00e9s a modelar, a prendre paci\u00e8ncia, a sentir el proc\u00e9s que les textures del fang ofereixen en el seu proc\u00e9s d\u2019assecat&#8230;<br \/>\nA l\u2019hora de pintar hem fet un gran treball de barreja dels colors primaris. Penseu que gaireb\u00e9 tots els colors del gerro han estat creats per nosaltres mateixos!!! Han quedat fant\u00e0stics!<br \/>\n<embed type=\"application\/x-shockwave-flash\" src=\"https:\/\/photos.gstatic.com\/media\/slideshow.swf\" width=\"288\" height=\"192\" flashvars=\"host=picasaweb.google.com&#038;hl=es&#038;feat=flashalbum&#038;RGB=0x000000&#038;feed=https%3A%2F%2Fpicasaweb.google.com%2Fdata%2Ffeed%2Fapi%2Fuser%2F113975823311028237705%2Falbumid%2F6291553517057556753%3Falt%3Drss%26kind%3Dphoto%26hl%3Des\" pluginspage=\"http:\/\/www.macromedia.com\/go\/getflashplayer\"><\/embed><\/p>\n","protected":false},"excerpt":{"rendered":"<p>Els nens i nenes de 1r els encanta fer pl\u00e0stica. \u00c9s un moment d\u2019expressi\u00f3 personal on cadasc\u00fa desenvolupa la seva individualitat m\u00e9s creativa en all\u00f2 que fa&#8230; L\u2019\u00faltim treball (a part de la tapa de l\u2019\u00e0lbum) \u00e9s el fang!!! Amb el fang hem apr\u00e9s a&hellip;  <a href=\"https:\/\/agora.xtec.cat\/ceipmdangels\/portada\/fang\/\" title=\"Read Fang!!!\">Llegeix m\u00e9s\u00bb<\/a><\/p>\n","protected":false},"author":4,"featured_media":0,"comment_status":"open","ping_status":"open","sticky":false,"template":"","format":"standard","meta":{"_bbp_topic_count":0,"_bbp_reply_count":0,"_bbp_total_topic_count":0,"_bbp_total_reply_count":0,"_bbp_voice_count":0,"_bbp_anonymous_reply_count":0,"_bbp_topic_count_hidden":0,"_bbp_reply_count_hidden":0,"_bbp_forum_subforum_count":0,"footnotes":""},"categories":[23,152,4],"tags":[],"class_list":["post-1229","post","type-post","status-publish","format-standard","hentry","category-cicle-inicial","category-curs-2015-16","category-portada"],"post_mailing_queue_ids":[],"_links":{"self":[{"href":"https:\/\/agora.xtec.cat\/ceipmdangels\/wp-json\/wp\/v2\/posts\/1229","targetHints":{"allow":["GET"]}}],"collection":[{"href":"https:\/\/agora.xtec.cat\/ceipmdangels\/wp-json\/wp\/v2\/posts"}],"about":[{"href":"https:\/\/agora.xtec.cat\/ceipmdangels\/wp-json\/wp\/v2\/types\/post"}],"author":[{"embeddable":true,"href":"https:\/\/agora.xtec.cat\/ceipmdangels\/wp-json\/wp\/v2\/users\/4"}],"replies":[{"embeddable":true,"href":"https:\/\/agora.xtec.cat\/ceipmdangels\/wp-json\/wp\/v2\/comments?post=1229"}],"version-history":[{"count":1,"href":"https:\/\/agora.xtec.cat\/ceipmdangels\/wp-json\/wp\/v2\/posts\/1229\/revisions"}],"predecessor-version":[{"id":1230,"href":"https:\/\/agora.xtec.cat\/ceipmdangels\/wp-json\/wp\/v2\/posts\/1229\/revisions\/1230"}],"wp:attachment":[{"href":"https:\/\/agora.xtec.cat\/ceipmdangels\/wp-json\/wp\/v2\/media?parent=1229"}],"wp:term":[{"taxonomy":"category","embeddable":true,"href":"https:\/\/agora.xtec.cat\/ceipmdangels\/wp-json\/wp\/v2\/categories?post=1229"},{"taxonomy":"post_tag","embeddable":true,"href":"https:\/\/agora.xtec.cat\/ceipmdangels\/wp-json\/wp\/v2\/tags?post=1229"}],"curies":[{"name":"wp","href":"https:\/\/api.w.org\/{rel}","templated":true}]}}