{"id":1223,"date":"2016-06-02T12:12:33","date_gmt":"2016-06-02T10:12:33","guid":{"rendered":"http:\/\/agora.xtec.cat\/ceipmdangels\/?p=1223"},"modified":"2022-04-21T16:11:37","modified_gmt":"2022-04-21T14:11:37","slug":"dolca-sortida-dels-alumnes-de-1r","status":"publish","type":"post","link":"https:\/\/agora.xtec.cat\/ceipmdangels\/portada\/dolca-sortida-dels-alumnes-de-1r\/","title":{"rendered":"Dol\u00e7a sortida dels alumnes de 1r"},"content":{"rendered":"<p>Dilluns 27 de maig els alumnes de 1r vam anar al Museu de la mel d\u2019Alcover.<br \/>\nDespr\u00e9s d\u2019esmorzar enmig de les conegudes arcades romanes de la pla\u00e7a de l\u2019Ajuntament, ens dirigirem al museu ubicat en un parany natural. L\u2019indret estava envoltat d\u2019oliveres i avellaners on els nens i nenes van poder jugar buscant el refugi i l\u2019ombra  d\u2019una jornada en qu\u00e8 el sol es feia sentir de valent.<br \/>\nDins el museu vam sentir les explicacions d\u2019uns apicultors agosarats que acabaren oferint mostres de la seva experi\u00e8ncia tocant un dels panells repl\u00e8 d\u2019abelles amb les mans nues! Incre\u00efble.<br \/>\nA m\u00e9s a m\u00e9s, brindaren als alumnes l\u2019oportunitat de crear la seva pr\u00f2pia espelma amb preuada cera. Un obsequi elaborat per ells mateixos que van agrair molt\u00edssim!<br \/>\nDespr\u00e9s de dinar al parc del centre de la vila, la calor es feia m\u00e9s intensa a cada minut. Aix\u00ed doncs, quina millor manera d\u2019acabar el dia refrescant-se al riu Glorieta, el qual cercarem amb entusiasme. El bell indret de la Font fresca ens va regalar un broll d\u2019aigua que reviscolava als m\u00e9s esgotats -en aquest cas tan alumnes com mestres!-<br \/>\nDia narrat, dia feli\u00e7ment acabat.<\/p>\n<p><embed type=\"application\/x-shockwave-flash\" src=\"https:\/\/photos.gstatic.com\/media\/slideshow.swf\" width=\"288\" height=\"192\" flashvars=\"host=picasaweb.google.com&#038;hl=es&#038;feat=flashalbum&#038;RGB=0x000000&#038;feed=https%3A%2F%2Fpicasaweb.google.com%2Fdata%2Ffeed%2Fapi%2Fuser%2F113975823311028237705%2Falbumid%2F6291548578554704385%3Falt%3Drss%26kind%3Dphoto%26hl%3Des\" pluginspage=\"http:\/\/www.macromedia.com\/go\/getflashplayer\"><\/embed><\/p>\n<p><iframe loading=\"lazy\" width=\"560\" height=\"315\" src=\"https:\/\/www.youtube.com\/embed\/tUh3Q9fHa48\" frameborder=\"0\" allowfullscreen><\/iframe><\/p>\n","protected":false},"excerpt":{"rendered":"<p>Dilluns 27 de maig els alumnes de 1r vam anar al Museu de la mel d\u2019Alcover.<br \/>\nDespr\u00e9s d\u2019esmorzar enmig de les conegudes arcades romanes de la pla\u00e7a de l\u2019Ajuntament, ens dirigirem al museu ubicat en un parany natural. L\u2019indret estava envoltat d\u2019oliveres i avellaners on els&hellip;  <a href=\"https:\/\/agora.xtec.cat\/ceipmdangels\/portada\/dolca-sortida-dels-alumnes-de-1r\/\" title=\"Read Dol\u00e7a sortida dels alumnes de 1r\">Llegeix m\u00e9s\u00bb<\/a><\/p>\n","protected":false},"author":4,"featured_media":0,"comment_status":"open","ping_status":"open","sticky":false,"template":"","format":"standard","meta":{"_bbp_topic_count":0,"_bbp_reply_count":0,"_bbp_total_topic_count":0,"_bbp_total_reply_count":0,"_bbp_voice_count":0,"_bbp_anonymous_reply_count":0,"_bbp_topic_count_hidden":0,"_bbp_reply_count_hidden":0,"_bbp_forum_subforum_count":0,"footnotes":""},"categories":[23,152,4],"tags":[],"class_list":["post-1223","post","type-post","status-publish","format-standard","hentry","category-cicle-inicial","category-curs-2015-16","category-portada"],"post_mailing_queue_ids":[],"_links":{"self":[{"href":"https:\/\/agora.xtec.cat\/ceipmdangels\/wp-json\/wp\/v2\/posts\/1223","targetHints":{"allow":["GET"]}}],"collection":[{"href":"https:\/\/agora.xtec.cat\/ceipmdangels\/wp-json\/wp\/v2\/posts"}],"about":[{"href":"https:\/\/agora.xtec.cat\/ceipmdangels\/wp-json\/wp\/v2\/types\/post"}],"author":[{"embeddable":true,"href":"https:\/\/agora.xtec.cat\/ceipmdangels\/wp-json\/wp\/v2\/users\/4"}],"replies":[{"embeddable":true,"href":"https:\/\/agora.xtec.cat\/ceipmdangels\/wp-json\/wp\/v2\/comments?post=1223"}],"version-history":[{"count":2,"href":"https:\/\/agora.xtec.cat\/ceipmdangels\/wp-json\/wp\/v2\/posts\/1223\/revisions"}],"predecessor-version":[{"id":1304,"href":"https:\/\/agora.xtec.cat\/ceipmdangels\/wp-json\/wp\/v2\/posts\/1223\/revisions\/1304"}],"wp:attachment":[{"href":"https:\/\/agora.xtec.cat\/ceipmdangels\/wp-json\/wp\/v2\/media?parent=1223"}],"wp:term":[{"taxonomy":"category","embeddable":true,"href":"https:\/\/agora.xtec.cat\/ceipmdangels\/wp-json\/wp\/v2\/categories?post=1223"},{"taxonomy":"post_tag","embeddable":true,"href":"https:\/\/agora.xtec.cat\/ceipmdangels\/wp-json\/wp\/v2\/tags?post=1223"}],"curies":[{"name":"wp","href":"https:\/\/api.w.org\/{rel}","templated":true}]}}