{"id":1196,"date":"2016-05-26T12:18:05","date_gmt":"2016-05-26T10:18:05","guid":{"rendered":"http:\/\/agora.xtec.cat\/ceipmdangels\/?p=1196"},"modified":"2022-04-21T16:11:24","modified_gmt":"2022-04-21T14:11:24","slug":"laire-ocupa-espai","status":"publish","type":"post","link":"https:\/\/agora.xtec.cat\/ceipmdangels\/portada\/laire-ocupa-espai\/","title":{"rendered":"L&#8217;aire ocupa espai?"},"content":{"rendered":"<p>Fa uns dies a l&#8217;escola est\u00e0vem estudiant a medi la mat\u00e8ria i vam fer un experiment. Tractava d&#8217;inflar un globus dins d&#8217;una ampolla.<\/p>\n<p>Demostrava que l&#8217;aire ocupa espai.<\/p>\n<p>Per poder fer l&#8217;experiment necessites dues ampolles, una amb un forat al cul i dos globus.<\/p>\n<p>Primer has de posar el globus al broc de l&#8217;ampolla que no t\u00e9 forat. A continuaci\u00f3, bufa al broc de l&#8217;ampolla intentant inflar el globus. Despr\u00e9s, fes el mateix per\u00f2 amb l&#8217;altre ampolla i veur\u00e0s la difer\u00e8ncia entre com s&#8217;inflen o quan no.<\/p>\n<p>Va ser molt divertit, si vols pots fer tu tamb\u00e9 aquest experiment. Ja veur\u00e0s qu\u00e8 passa !<\/p>\n<p>&nbsp;<\/p>\n<p><embed width=\"288\" height=\"192\" type=\"application\/x-shockwave-flash\" src=\"https:\/\/photos.gstatic.com\/media\/slideshow.swf\" flashvars=\"host=picasaweb.google.com&amp;hl=es&amp;feat=flashalbum&amp;RGB=0x000000&amp;feed=https%3A%2F%2Fpicasaweb.google.com%2Fdata%2Ffeed%2Fapi%2Fuser%2F111847518725419516497%2Falbumid%2F6288952718354317153%3Falt%3Drss%26kind%3Dphoto%26authkey%3DGv1sRgCKHs3rSiw7GGzAE%26hl%3Des\" pluginspage=\"http:\/\/www.macromedia.com\/go\/getflashplayer\"><\/embed><\/p>\n","protected":false},"excerpt":{"rendered":"<p>Fa uns dies a l&#8217;escola est\u00e0vem estudiant a medi la mat\u00e8ria i vam fer un experiment. Tractava d&#8217;inflar un globus dins d&#8217;una ampolla.<br \/>\nDemostrava que l&#8217;aire ocupa espai.<br \/>\nPer poder fer l&#8217;experiment necessites dues ampolles, una amb un forat al cul i dos globus.<br \/>\nPrimer has de posar&hellip;  <a href=\"https:\/\/agora.xtec.cat\/ceipmdangels\/portada\/laire-ocupa-espai\/\" title=\"Read L&#8217;aire ocupa espai?\">Llegeix m\u00e9s\u00bb<\/a><\/p>\n","protected":false},"author":6,"featured_media":0,"comment_status":"open","ping_status":"open","sticky":false,"template":"","format":"standard","meta":{"_bbp_topic_count":0,"_bbp_reply_count":0,"_bbp_total_topic_count":0,"_bbp_total_reply_count":0,"_bbp_voice_count":0,"_bbp_anonymous_reply_count":0,"_bbp_topic_count_hidden":0,"_bbp_reply_count_hidden":0,"_bbp_forum_subforum_count":0,"footnotes":""},"categories":[25,152,4],"tags":[],"class_list":["post-1196","post","type-post","status-publish","format-standard","hentry","category-cicle-superior","category-curs-2015-16","category-portada"],"post_mailing_queue_ids":[],"_links":{"self":[{"href":"https:\/\/agora.xtec.cat\/ceipmdangels\/wp-json\/wp\/v2\/posts\/1196","targetHints":{"allow":["GET"]}}],"collection":[{"href":"https:\/\/agora.xtec.cat\/ceipmdangels\/wp-json\/wp\/v2\/posts"}],"about":[{"href":"https:\/\/agora.xtec.cat\/ceipmdangels\/wp-json\/wp\/v2\/types\/post"}],"author":[{"embeddable":true,"href":"https:\/\/agora.xtec.cat\/ceipmdangels\/wp-json\/wp\/v2\/users\/6"}],"replies":[{"embeddable":true,"href":"https:\/\/agora.xtec.cat\/ceipmdangels\/wp-json\/wp\/v2\/comments?post=1196"}],"version-history":[{"count":1,"href":"https:\/\/agora.xtec.cat\/ceipmdangels\/wp-json\/wp\/v2\/posts\/1196\/revisions"}],"predecessor-version":[{"id":1202,"href":"https:\/\/agora.xtec.cat\/ceipmdangels\/wp-json\/wp\/v2\/posts\/1196\/revisions\/1202"}],"wp:attachment":[{"href":"https:\/\/agora.xtec.cat\/ceipmdangels\/wp-json\/wp\/v2\/media?parent=1196"}],"wp:term":[{"taxonomy":"category","embeddable":true,"href":"https:\/\/agora.xtec.cat\/ceipmdangels\/wp-json\/wp\/v2\/categories?post=1196"},{"taxonomy":"post_tag","embeddable":true,"href":"https:\/\/agora.xtec.cat\/ceipmdangels\/wp-json\/wp\/v2\/tags?post=1196"}],"curies":[{"name":"wp","href":"https:\/\/api.w.org\/{rel}","templated":true}]}}