{"id":1188,"date":"2016-05-26T12:12:30","date_gmt":"2016-05-26T11:12:30","guid":{"rendered":"http:\/\/agora.xtec.cat\/ceipmdangels\/?p=1188"},"modified":"2016-05-26T12:17:33","modified_gmt":"2016-05-26T11:17:33","slug":"homenatge-a-olga-xirinacs","status":"publish","type":"post","link":"https:\/\/agora.xtec.cat\/ceipmdangels\/general\/homenatge-a-olga-xirinacs\/","title":{"rendered":"Homenatge a Olga Xirinacs"},"content":{"rendered":"<p>Alguns alumnes de 3r de Prim\u00e0ria de l&#8217;escola Els \u00c0ngels van preparar una representaci\u00f3 d&#8217;uns poemes de l&#8217;Olga i juntament amb una can\u00e7\u00f3 van participar en el homenatge que es va celebrar al centre c\u00edvic.<\/p>\n<p>La Marina, una nena de 1r, va estar guanyadora del concurs de poemes.<\/p>\n<p><embed type=\"application\/x-shockwave-flash\" src=\"https:\/\/photos.gstatic.com\/media\/slideshow.swf\" width=\"288\" height=\"192\" flashvars=\"host=picasaweb.google.com&#038;hl=es&#038;feat=flashalbum&#038;RGB=0x000000&#038;feed=https%3A%2F%2Fpicasaweb.google.com%2Fdata%2Ffeed%2Fapi%2Fuser%2F104150209654147348409%2Falbumid%2F6288950413939033025%3Falt%3Drss%26kind%3Dphoto%26hl%3Des\" pluginspage=\"http:\/\/www.macromedia.com\/go\/getflashplayer\"><\/embed><\/p>\n<p><iframe loading=\"lazy\" width=\"560\" height=\"315\" src=\"https:\/\/www.youtube.com\/embed\/P1fCA3ypNXE\" frameborder=\"0\" allowfullscreen><\/iframe><\/p>\n","protected":false},"excerpt":{"rendered":"<p>Alguns alumnes de 3r de Prim\u00e0ria de l&#8217;escola Els \u00c0ngels van preparar una representaci\u00f3 d&#8217;uns poemes de l&#8217;Olga i juntament amb una can\u00e7\u00f3 van participar en el homenatge que es va celebrar al centre c\u00edvic.<br \/>\nLa Marina, una nena de 1r, va estar guanyadora del concurs&hellip;  <a href=\"https:\/\/agora.xtec.cat\/ceipmdangels\/general\/homenatge-a-olga-xirinacs\/\" title=\"Read Homenatge a Olga Xirinacs\">Llegeix m\u00e9s\u00bb<\/a><\/p>\n","protected":false},"author":5,"featured_media":0,"comment_status":"open","ping_status":"open","sticky":false,"template":"","format":"standard","meta":{"_bbp_topic_count":0,"_bbp_reply_count":0,"_bbp_total_topic_count":0,"_bbp_total_reply_count":0,"_bbp_voice_count":0,"_bbp_anonymous_reply_count":0,"_bbp_topic_count_hidden":0,"_bbp_reply_count_hidden":0,"_bbp_forum_subforum_count":0,"footnotes":""},"categories":[24,1,4,43],"tags":[],"class_list":["post-1188","post","type-post","status-publish","format-standard","hentry","category-cicle-mitja","category-general","category-portada","category-sant-jordi"],"post_mailing_queue_ids":[],"_links":{"self":[{"href":"https:\/\/agora.xtec.cat\/ceipmdangels\/wp-json\/wp\/v2\/posts\/1188","targetHints":{"allow":["GET"]}}],"collection":[{"href":"https:\/\/agora.xtec.cat\/ceipmdangels\/wp-json\/wp\/v2\/posts"}],"about":[{"href":"https:\/\/agora.xtec.cat\/ceipmdangels\/wp-json\/wp\/v2\/types\/post"}],"author":[{"embeddable":true,"href":"https:\/\/agora.xtec.cat\/ceipmdangels\/wp-json\/wp\/v2\/users\/5"}],"replies":[{"embeddable":true,"href":"https:\/\/agora.xtec.cat\/ceipmdangels\/wp-json\/wp\/v2\/comments?post=1188"}],"version-history":[{"count":3,"href":"https:\/\/agora.xtec.cat\/ceipmdangels\/wp-json\/wp\/v2\/posts\/1188\/revisions"}],"predecessor-version":[{"id":1305,"href":"https:\/\/agora.xtec.cat\/ceipmdangels\/wp-json\/wp\/v2\/posts\/1188\/revisions\/1305"}],"wp:attachment":[{"href":"https:\/\/agora.xtec.cat\/ceipmdangels\/wp-json\/wp\/v2\/media?parent=1188"}],"wp:term":[{"taxonomy":"category","embeddable":true,"href":"https:\/\/agora.xtec.cat\/ceipmdangels\/wp-json\/wp\/v2\/categories?post=1188"},{"taxonomy":"post_tag","embeddable":true,"href":"https:\/\/agora.xtec.cat\/ceipmdangels\/wp-json\/wp\/v2\/tags?post=1188"}],"curies":[{"name":"wp","href":"https:\/\/api.w.org\/{rel}","templated":true}]}}