{"id":1171,"date":"2016-05-12T12:26:27","date_gmt":"2016-05-12T10:26:27","guid":{"rendered":"http:\/\/agora.xtec.cat\/ceipmdangels\/?p=1171"},"modified":"2022-04-21T16:10:32","modified_gmt":"2022-04-21T14:10:32","slug":"sortida-al-museu-dart-modern-de-tarragona","status":"publish","type":"post","link":"https:\/\/agora.xtec.cat\/ceipmdangels\/portada\/sortida-al-museu-dart-modern-de-tarragona\/","title":{"rendered":"Sortida al museu d\u2019Art Modern de Tarragona"},"content":{"rendered":"<p>Aquest mes d\u2019abril, les classes de 4t hem visitat el Museu d\u2019Art Modern de Tarragona. Hem fet un petit recorregut pel museu i, despr\u00e9s, hem anat a veure el Tap\u00eds de Tarragona, de Joan Mir\u00f3. Ens han explicat una mica de la vida d\u2019aquest pintor i escultor, diferents tapissos que va confegir i la seva relaci\u00f3 amb el tapisser Josep Royo: Mir\u00f3 feia el dibuix i Royo el confegia amb llanes. Hem experimentat amb la llana original alguna de les formes que surten en les pintures i\/o tapissos de Mir\u00f3. Per \u00faltim, hem fet de tapissers en una trama. Ha sigut molt divertit!<\/p>\n<p><embed type=\"application\/x-shockwave-flash\" src=\"https:\/\/photos.gstatic.com\/media\/slideshow.swf\" width=\"288\" height=\"192\" flashvars=\"host=picasaweb.google.com&#038;hl=es&#038;feat=flashalbum&#038;RGB=0x000000&#038;feed=https%3A%2F%2Fpicasaweb.google.com%2Fdata%2Ffeed%2Fapi%2Fuser%2F104150209654147348409%2Falbumid%2F6283760450539643825%3Falt%3Drss%26kind%3Dphoto%26hl%3Des\" pluginspage=\"http:\/\/www.macromedia.com\/go\/getflashplayer\"><\/embed><\/p>\n","protected":false},"excerpt":{"rendered":"<p>Aquest mes d\u2019abril, les classes de 4t hem visitat el Museu d\u2019Art Modern de Tarragona. Hem fet un petit recorregut pel museu i, despr\u00e9s, hem anat a veure el Tap\u00eds de Tarragona, de Joan Mir\u00f3. Ens han explicat una mica de la vida d\u2019aquest pintor&hellip;  <a href=\"https:\/\/agora.xtec.cat\/ceipmdangels\/portada\/sortida-al-museu-dart-modern-de-tarragona\/\" title=\"Read Sortida al museu d\u2019Art Modern de Tarragona\">Llegeix m\u00e9s\u00bb<\/a><\/p>\n","protected":false},"author":5,"featured_media":0,"comment_status":"open","ping_status":"open","sticky":false,"template":"","format":"standard","meta":{"_bbp_topic_count":0,"_bbp_reply_count":0,"_bbp_total_topic_count":0,"_bbp_total_reply_count":0,"_bbp_voice_count":0,"_bbp_anonymous_reply_count":0,"_bbp_topic_count_hidden":0,"_bbp_reply_count_hidden":0,"_bbp_forum_subforum_count":0,"footnotes":""},"categories":[24,152,4],"tags":[],"class_list":["post-1171","post","type-post","status-publish","format-standard","hentry","category-cicle-mitja","category-curs-2015-16","category-portada"],"post_mailing_queue_ids":[],"_links":{"self":[{"href":"https:\/\/agora.xtec.cat\/ceipmdangels\/wp-json\/wp\/v2\/posts\/1171","targetHints":{"allow":["GET"]}}],"collection":[{"href":"https:\/\/agora.xtec.cat\/ceipmdangels\/wp-json\/wp\/v2\/posts"}],"about":[{"href":"https:\/\/agora.xtec.cat\/ceipmdangels\/wp-json\/wp\/v2\/types\/post"}],"author":[{"embeddable":true,"href":"https:\/\/agora.xtec.cat\/ceipmdangels\/wp-json\/wp\/v2\/users\/5"}],"replies":[{"embeddable":true,"href":"https:\/\/agora.xtec.cat\/ceipmdangels\/wp-json\/wp\/v2\/comments?post=1171"}],"version-history":[{"count":3,"href":"https:\/\/agora.xtec.cat\/ceipmdangels\/wp-json\/wp\/v2\/posts\/1171\/revisions"}],"predecessor-version":[{"id":1174,"href":"https:\/\/agora.xtec.cat\/ceipmdangels\/wp-json\/wp\/v2\/posts\/1171\/revisions\/1174"}],"wp:attachment":[{"href":"https:\/\/agora.xtec.cat\/ceipmdangels\/wp-json\/wp\/v2\/media?parent=1171"}],"wp:term":[{"taxonomy":"category","embeddable":true,"href":"https:\/\/agora.xtec.cat\/ceipmdangels\/wp-json\/wp\/v2\/categories?post=1171"},{"taxonomy":"post_tag","embeddable":true,"href":"https:\/\/agora.xtec.cat\/ceipmdangels\/wp-json\/wp\/v2\/tags?post=1171"}],"curies":[{"name":"wp","href":"https:\/\/api.w.org\/{rel}","templated":true}]}}