{"id":1116,"date":"2016-04-21T12:35:19","date_gmt":"2016-04-21T10:35:19","guid":{"rendered":"http:\/\/agora.xtec.cat\/ceipmdangels\/?p=1116"},"modified":"2022-04-21T16:31:09","modified_gmt":"2022-04-21T14:31:09","slug":"projecte-multimedia-pic-nic","status":"publish","type":"post","link":"https:\/\/agora.xtec.cat\/ceipmdangels\/portada\/projecte-multimedia-pic-nic\/","title":{"rendered":"Projecte multim\u00e8dia: Pic-nic"},"content":{"rendered":"<p>A l&#8217;\u00e0rea d&#8217;educaci\u00f3 art\u00edstica: m\u00fasica, hem treballat el tema m\u00fasica i pintura on s&#8217;ha realitzat un projecte multim\u00e8dia ajuntant la m\u00fasica d&#8217;Erik Satie, la poesia i la imatge fixa i en moviment. Aqu\u00ed us presentem les produccions que han realitzat els alumnes de 6\u00e8.<\/p>\n<p><strong><span style=\"color: #0000ff;\">6\u00e8 A<\/span><\/strong><br \/>\n<a href=\"https:\/\/youtu.be\/vBs3M1WJXLg\">https:\/\/youtu.be\/vBs3M1WJXLg<\/a><br \/>\n<span style=\"color: #0000ff;\"><strong>6\u00e8 B<\/strong><\/span><\/p>\n<p><a href=\"https:\/\/www.youtube.com\/watch?v=WuHA7CFwfUQ\">https:\/\/www.youtube.com\/watch?v=WuHA7CFwfUQ<\/a><\/p>\n<p><strong><span style=\"color: #0000ff;\">6\u00e8 C<\/span><\/strong><br \/>\n<a href=\"https:\/\/youtu.be\/dL_wCe38tDk\">https:\/\/youtu.be\/dL_wCe38tDk<\/a><\/p>\n<p>&nbsp;<\/p>\n","protected":false},"excerpt":{"rendered":"<p>A l&#8217;\u00e0rea d&#8217;educaci\u00f3 art\u00edstica: m\u00fasica, hem treballat el tema m\u00fasica i pintura on s&#8217;ha realitzat un projecte multim\u00e8dia ajuntant la m\u00fasica d&#8217;Erik Satie, la poesia i la imatge fixa i en moviment. Aqu\u00ed us presentem les produccions que han realitzat els alumnes de 6\u00e8.<br \/>\n6\u00e8 A<br \/>\n<a&hellip;  <a href=\"https:\/\/agora.xtec.cat\/ceipmdangels\/portada\/projecte-multimedia-pic-nic\/\" title=\"Read Projecte multim\u00e8dia: Pic-nic\">Llegeix m\u00e9s\u00bb<\/a><\/p>\n","protected":false},"author":6,"featured_media":0,"comment_status":"open","ping_status":"closed","sticky":false,"template":"","format":"standard","meta":{"_bbp_topic_count":0,"_bbp_reply_count":0,"_bbp_total_topic_count":0,"_bbp_total_reply_count":0,"_bbp_voice_count":0,"_bbp_anonymous_reply_count":0,"_bbp_topic_count_hidden":0,"_bbp_reply_count_hidden":0,"_bbp_forum_subforum_count":0,"footnotes":""},"categories":[25,152,4],"tags":[],"class_list":["post-1116","post","type-post","status-publish","format-standard","hentry","category-cicle-superior","category-curs-2015-16","category-portada"],"post_mailing_queue_ids":[],"_links":{"self":[{"href":"https:\/\/agora.xtec.cat\/ceipmdangels\/wp-json\/wp\/v2\/posts\/1116","targetHints":{"allow":["GET"]}}],"collection":[{"href":"https:\/\/agora.xtec.cat\/ceipmdangels\/wp-json\/wp\/v2\/posts"}],"about":[{"href":"https:\/\/agora.xtec.cat\/ceipmdangels\/wp-json\/wp\/v2\/types\/post"}],"author":[{"embeddable":true,"href":"https:\/\/agora.xtec.cat\/ceipmdangels\/wp-json\/wp\/v2\/users\/6"}],"replies":[{"embeddable":true,"href":"https:\/\/agora.xtec.cat\/ceipmdangels\/wp-json\/wp\/v2\/comments?post=1116"}],"version-history":[{"count":3,"href":"https:\/\/agora.xtec.cat\/ceipmdangels\/wp-json\/wp\/v2\/posts\/1116\/revisions"}],"predecessor-version":[{"id":6632,"href":"https:\/\/agora.xtec.cat\/ceipmdangels\/wp-json\/wp\/v2\/posts\/1116\/revisions\/6632"}],"wp:attachment":[{"href":"https:\/\/agora.xtec.cat\/ceipmdangels\/wp-json\/wp\/v2\/media?parent=1116"}],"wp:term":[{"taxonomy":"category","embeddable":true,"href":"https:\/\/agora.xtec.cat\/ceipmdangels\/wp-json\/wp\/v2\/categories?post=1116"},{"taxonomy":"post_tag","embeddable":true,"href":"https:\/\/agora.xtec.cat\/ceipmdangels\/wp-json\/wp\/v2\/tags?post=1116"}],"curies":[{"name":"wp","href":"https:\/\/api.w.org\/{rel}","templated":true}]}}