{"id":1096,"date":"2016-04-14T12:15:56","date_gmt":"2016-04-14T10:15:56","guid":{"rendered":"http:\/\/agora.xtec.cat\/ceipmdangels\/?p=1096"},"modified":"2022-04-21T16:01:24","modified_gmt":"2022-04-21T14:01:24","slug":"sortida-pel-barri","status":"publish","type":"post","link":"https:\/\/agora.xtec.cat\/ceipmdangels\/portada\/sortida-pel-barri\/","title":{"rendered":"Sortida pel barri!"},"content":{"rendered":"<p>Aquest trimestre els tres grups de primer hem fet una sortida molt especial: hem sortit a explorar el barri!<br \/>\nVam poder descobrir que mentre estem a l\u2019escola tots els matins, els carrers del barri s\u2019omplen de vida i que hi ha moltes persones treballant per mantenir els carrers nets i ben bonics: escombriaires, jardiners, pintors&#8230;<br \/>\nTamb\u00e9 vam comprovar que el nostre barri est\u00e0 molt ben senyalitzat, tot i que, en la passejada no vam trobar cap sem\u00e0for!<br \/>\nEn arribar al Mercat Municipal vam veure peix fresc, carn i, tamb\u00e9, fruita i verdura fresca.<br \/>\nHa estat una gran experi\u00e8ncia explorar el barri plegats!<br \/>\nTenim molta sort de viure aqu\u00ed!<\/p>\n<p><embed type=\"application\/x-shockwave-flash\" src=\"https:\/\/photos.gstatic.com\/media\/slideshow.swf\" width=\"288\" height=\"192\" flashvars=\"host=picasaweb.google.com&#038;hl=es&#038;feat=flashalbum&#038;RGB=0x000000&#038;feed=https%3A%2F%2Fpicasaweb.google.com%2Fdata%2Ffeed%2Fapi%2Fuser%2F113975823311028237705%2Falbumid%2F6273368624428301489%3Falt%3Drss%26kind%3Dphoto%26hl%3Des\" pluginspage=\"http:\/\/www.macromedia.com\/go\/getflashplayer\"><\/embed><\/p>\n","protected":false},"excerpt":{"rendered":"<p>Aquest trimestre els tres grups de primer hem fet una sortida molt especial: hem sortit a explorar el barri!<br \/>\nVam poder descobrir que mentre estem a l\u2019escola tots els matins, els carrers del barri s\u2019omplen de vida i que hi ha moltes persones treballant per mantenir&hellip;  <a href=\"https:\/\/agora.xtec.cat\/ceipmdangels\/portada\/sortida-pel-barri\/\" title=\"Read Sortida pel barri!\">Llegeix m\u00e9s\u00bb<\/a><\/p>\n","protected":false},"author":4,"featured_media":0,"comment_status":"open","ping_status":"open","sticky":false,"template":"","format":"standard","meta":{"_bbp_topic_count":0,"_bbp_reply_count":0,"_bbp_total_topic_count":0,"_bbp_total_reply_count":0,"_bbp_voice_count":0,"_bbp_anonymous_reply_count":0,"_bbp_topic_count_hidden":0,"_bbp_reply_count_hidden":0,"_bbp_forum_subforum_count":0,"footnotes":""},"categories":[23,152,4],"tags":[],"class_list":["post-1096","post","type-post","status-publish","format-standard","hentry","category-cicle-inicial","category-curs-2015-16","category-portada"],"post_mailing_queue_ids":[],"_links":{"self":[{"href":"https:\/\/agora.xtec.cat\/ceipmdangels\/wp-json\/wp\/v2\/posts\/1096","targetHints":{"allow":["GET"]}}],"collection":[{"href":"https:\/\/agora.xtec.cat\/ceipmdangels\/wp-json\/wp\/v2\/posts"}],"about":[{"href":"https:\/\/agora.xtec.cat\/ceipmdangels\/wp-json\/wp\/v2\/types\/post"}],"author":[{"embeddable":true,"href":"https:\/\/agora.xtec.cat\/ceipmdangels\/wp-json\/wp\/v2\/users\/4"}],"replies":[{"embeddable":true,"href":"https:\/\/agora.xtec.cat\/ceipmdangels\/wp-json\/wp\/v2\/comments?post=1096"}],"version-history":[{"count":1,"href":"https:\/\/agora.xtec.cat\/ceipmdangels\/wp-json\/wp\/v2\/posts\/1096\/revisions"}],"predecessor-version":[{"id":1097,"href":"https:\/\/agora.xtec.cat\/ceipmdangels\/wp-json\/wp\/v2\/posts\/1096\/revisions\/1097"}],"wp:attachment":[{"href":"https:\/\/agora.xtec.cat\/ceipmdangels\/wp-json\/wp\/v2\/media?parent=1096"}],"wp:term":[{"taxonomy":"category","embeddable":true,"href":"https:\/\/agora.xtec.cat\/ceipmdangels\/wp-json\/wp\/v2\/categories?post=1096"},{"taxonomy":"post_tag","embeddable":true,"href":"https:\/\/agora.xtec.cat\/ceipmdangels\/wp-json\/wp\/v2\/tags?post=1096"}],"curies":[{"name":"wp","href":"https:\/\/api.w.org\/{rel}","templated":true}]}}