{"id":1088,"date":"2016-04-14T12:09:03","date_gmt":"2016-04-14T10:09:03","guid":{"rendered":"http:\/\/agora.xtec.cat\/ceipmdangels\/?p=1088"},"modified":"2022-04-21T16:01:10","modified_gmt":"2022-04-21T14:01:10","slug":"tarraco-urbis","status":"publish","type":"post","link":"https:\/\/agora.xtec.cat\/ceipmdangels\/portada\/tarraco-urbis\/","title":{"rendered":"Tarraco Urbis"},"content":{"rendered":"<p>Els alumnes de 5\u00e8 van realitzar una sortida a Tarragona anomenada <span style=\"color: #000080;\"><strong>&#8220;Tarraco Urbis&#8221;<\/strong><\/span>. Durant tot el dia van con\u00e8ixer com era la ciutat en \u00e8poca romana, els seus edificis i tamb\u00e9 els costums de l&#8217;\u00e8poca.<\/p>\n<p><embed width=\"288\" height=\"192\" type=\"application\/x-shockwave-flash\" src=\"https:\/\/photos.gstatic.com\/media\/slideshow.swf\" flashvars=\"host=picasaweb.google.com&amp;hl=es&amp;feat=flashalbum&amp;RGB=0x000000&amp;feed=https%3A%2F%2Fpicasaweb.google.com%2Fdata%2Ffeed%2Fapi%2Fuser%2F111847518725419516497%2Falbumid%2F6273364460523726433%3Falt%3Drss%26kind%3Dphoto%26authkey%3DGv1sRgCMfrman4_76u4wE%26hl%3Des\" pluginspage=\"http:\/\/www.macromedia.com\/go\/getflashplayer\"><\/embed><\/p>\n","protected":false},"excerpt":{"rendered":"<p>Els alumnes de 5\u00e8 van realitzar una sortida a Tarragona anomenada &#8220;Tarraco Urbis&#8221;. Durant tot el dia van con\u00e8ixer com era la ciutat en \u00e8poca romana, els seus edificis i tamb\u00e9 els costums de l&#8217;\u00e8poca.<\/p>\n","protected":false},"author":6,"featured_media":0,"comment_status":"open","ping_status":"open","sticky":false,"template":"","format":"standard","meta":{"_bbp_topic_count":0,"_bbp_reply_count":0,"_bbp_total_topic_count":0,"_bbp_total_reply_count":0,"_bbp_voice_count":0,"_bbp_anonymous_reply_count":0,"_bbp_topic_count_hidden":0,"_bbp_reply_count_hidden":0,"_bbp_forum_subforum_count":0,"footnotes":""},"categories":[25,152,4],"tags":[],"class_list":["post-1088","post","type-post","status-publish","format-standard","hentry","category-cicle-superior","category-curs-2015-16","category-portada"],"post_mailing_queue_ids":[],"_links":{"self":[{"href":"https:\/\/agora.xtec.cat\/ceipmdangels\/wp-json\/wp\/v2\/posts\/1088","targetHints":{"allow":["GET"]}}],"collection":[{"href":"https:\/\/agora.xtec.cat\/ceipmdangels\/wp-json\/wp\/v2\/posts"}],"about":[{"href":"https:\/\/agora.xtec.cat\/ceipmdangels\/wp-json\/wp\/v2\/types\/post"}],"author":[{"embeddable":true,"href":"https:\/\/agora.xtec.cat\/ceipmdangels\/wp-json\/wp\/v2\/users\/6"}],"replies":[{"embeddable":true,"href":"https:\/\/agora.xtec.cat\/ceipmdangels\/wp-json\/wp\/v2\/comments?post=1088"}],"version-history":[{"count":2,"href":"https:\/\/agora.xtec.cat\/ceipmdangels\/wp-json\/wp\/v2\/posts\/1088\/revisions"}],"predecessor-version":[{"id":1107,"href":"https:\/\/agora.xtec.cat\/ceipmdangels\/wp-json\/wp\/v2\/posts\/1088\/revisions\/1107"}],"wp:attachment":[{"href":"https:\/\/agora.xtec.cat\/ceipmdangels\/wp-json\/wp\/v2\/media?parent=1088"}],"wp:term":[{"taxonomy":"category","embeddable":true,"href":"https:\/\/agora.xtec.cat\/ceipmdangels\/wp-json\/wp\/v2\/categories?post=1088"},{"taxonomy":"post_tag","embeddable":true,"href":"https:\/\/agora.xtec.cat\/ceipmdangels\/wp-json\/wp\/v2\/tags?post=1088"}],"curies":[{"name":"wp","href":"https:\/\/api.w.org\/{rel}","templated":true}]}}