{"id":1028,"date":"2016-01-28T13:32:22","date_gmt":"2016-01-28T12:32:22","guid":{"rendered":"http:\/\/agora.xtec.cat\/ceipmdangels\/?p=1028"},"modified":"2022-04-21T15:58:48","modified_gmt":"2022-04-21T13:58:48","slug":"educacio-vial-a-lescola","status":"publish","type":"post","link":"https:\/\/agora.xtec.cat\/ceipmdangels\/portada\/educacio-vial-a-lescola\/","title":{"rendered":"Educaci\u00f3 vial a l&#8217;escola"},"content":{"rendered":"<p>El dies 26, 27 i 28 de gener del 2016, l&#8217;alumnat de les classes de 3r, 4t i 5\u00e8 esdevingueren protagonistes d&#8217;una sessi\u00f3 pedag\u00f2gica, a c\u00e0rrec del Servei Catal\u00e0 de Tr\u00e0nsit, entorn de les normes de circulaci\u00f3 per mitj\u00e0 de bicicletes destinades a aquest fi. Ja sigui com a vianants o conductors, el fet \u00e9s que nenes i nens es conscienciaren sobre la rellev\u00e0ncia del seu rol social i c\u00edvic.<\/p>\n<p>Sens dubte, fou tot un \u00e8xit.<\/p>\n<p>Fotos de 3r<br \/>\n<embed type=\"application\/x-shockwave-flash\" src=\"https:\/\/photos.gstatic.com\/media\/slideshow.swf\" width=\"288\" height=\"192\" flashvars=\"host=picasaweb.google.com&#038;hl=es&#038;feat=flashalbum&#038;RGB=0x000000&#038;feed=https%3A%2F%2Fpicasaweb.google.com%2Fdata%2Ffeed%2Fapi%2Fuser%2F111847518725419516497%2Falbumid%2F6244811840878655457%3Falt%3Drss%26kind%3Dphoto%26authkey%3DGv1sRgCPreou626fHSFA%26hl%3Des\" pluginspage=\"http:\/\/www.macromedia.com\/go\/getflashplayer\"><\/embed><br \/>\nFotos de 4t<br \/>\n<embed type=\"application\/x-shockwave-flash\" src=\"https:\/\/photos.gstatic.com\/media\/slideshow.swf\" width=\"288\" height=\"192\" flashvars=\"host=picasaweb.google.com&#038;hl=es&#038;feat=flashalbum&#038;RGB=0x000000&#038;feed=https%3A%2F%2Fpicasaweb.google.com%2Fdata%2Ffeed%2Fapi%2Fuser%2F111847518725419516497%2Falbumid%2F6244813280602291457%3Falt%3Drss%26kind%3Dphoto%26authkey%3DGv1sRgCPzerqSf89epjAE%26hl%3Des\" pluginspage=\"http:\/\/www.macromedia.com\/go\/getflashplayer\"><\/embed><br \/>\nFotos de 5\u00e8<br \/>\n<embed type=\"application\/x-shockwave-flash\" src=\"https:\/\/photos.gstatic.com\/media\/slideshow.swf\" width=\"288\" height=\"192\" flashvars=\"host=picasaweb.google.com&#038;hl=es&#038;feat=flashalbum&#038;RGB=0x000000&#038;feed=https%3A%2F%2Fpicasaweb.google.com%2Fdata%2Ffeed%2Fapi%2Fuser%2F111847518725419516497%2Falbumid%2F6244811536572065601%3Falt%3Drss%26kind%3Dphoto%26authkey%3DGv1sRgCKSZk-GdtLvzDg%26hl%3Des\" pluginspage=\"http:\/\/www.macromedia.com\/go\/getflashplayer\"><\/embed><\/p>\n","protected":false},"excerpt":{"rendered":"<p>El dies 26, 27 i 28 de gener del 2016, l&#8217;alumnat de les classes de 3r, 4t i 5\u00e8 esdevingueren protagonistes d&#8217;una sessi\u00f3 pedag\u00f2gica, a c\u00e0rrec del Servei Catal\u00e0 de Tr\u00e0nsit, entorn de les normes de circulaci\u00f3 per mitj\u00e0 de bicicletes destinades a aquest fi.&hellip;  <a href=\"https:\/\/agora.xtec.cat\/ceipmdangels\/portada\/educacio-vial-a-lescola\/\" title=\"Read Educaci\u00f3 vial a l&#8217;escola\">Llegeix m\u00e9s\u00bb<\/a><\/p>\n","protected":false},"author":6,"featured_media":1029,"comment_status":"open","ping_status":"open","sticky":false,"template":"","format":"standard","meta":{"_bbp_topic_count":0,"_bbp_reply_count":0,"_bbp_total_topic_count":0,"_bbp_total_reply_count":0,"_bbp_voice_count":0,"_bbp_anonymous_reply_count":0,"_bbp_topic_count_hidden":0,"_bbp_reply_count_hidden":0,"_bbp_forum_subforum_count":0,"footnotes":""},"categories":[21,24,25,152,4],"tags":[],"class_list":["post-1028","post","type-post","status-publish","format-standard","has-post-thumbnail","hentry","category-activitats-comunes","category-cicle-mitja","category-cicle-superior","category-curs-2015-16","category-portada"],"post_mailing_queue_ids":[],"_links":{"self":[{"href":"https:\/\/agora.xtec.cat\/ceipmdangels\/wp-json\/wp\/v2\/posts\/1028","targetHints":{"allow":["GET"]}}],"collection":[{"href":"https:\/\/agora.xtec.cat\/ceipmdangels\/wp-json\/wp\/v2\/posts"}],"about":[{"href":"https:\/\/agora.xtec.cat\/ceipmdangels\/wp-json\/wp\/v2\/types\/post"}],"author":[{"embeddable":true,"href":"https:\/\/agora.xtec.cat\/ceipmdangels\/wp-json\/wp\/v2\/users\/6"}],"replies":[{"embeddable":true,"href":"https:\/\/agora.xtec.cat\/ceipmdangels\/wp-json\/wp\/v2\/comments?post=1028"}],"version-history":[{"count":1,"href":"https:\/\/agora.xtec.cat\/ceipmdangels\/wp-json\/wp\/v2\/posts\/1028\/revisions"}],"predecessor-version":[{"id":1030,"href":"https:\/\/agora.xtec.cat\/ceipmdangels\/wp-json\/wp\/v2\/posts\/1028\/revisions\/1030"}],"wp:featuredmedia":[{"embeddable":true,"href":"https:\/\/agora.xtec.cat\/ceipmdangels\/wp-json\/wp\/v2\/media\/1029"}],"wp:attachment":[{"href":"https:\/\/agora.xtec.cat\/ceipmdangels\/wp-json\/wp\/v2\/media?parent=1028"}],"wp:term":[{"taxonomy":"category","embeddable":true,"href":"https:\/\/agora.xtec.cat\/ceipmdangels\/wp-json\/wp\/v2\/categories?post=1028"},{"taxonomy":"post_tag","embeddable":true,"href":"https:\/\/agora.xtec.cat\/ceipmdangels\/wp-json\/wp\/v2\/tags?post=1028"}],"curies":[{"name":"wp","href":"https:\/\/api.w.org\/{rel}","templated":true}]}}