{"id":1008,"date":"2016-01-21T13:20:22","date_gmt":"2016-01-21T12:20:22","guid":{"rendered":"http:\/\/agora.xtec.cat\/ceipmdangels\/?p=1008"},"modified":"2022-04-21T15:58:35","modified_gmt":"2022-04-21T13:58:35","slug":"els-pastorets-den-bon-magi-2","status":"publish","type":"post","link":"https:\/\/agora.xtec.cat\/ceipmdangels\/portada\/els-pastorets-den-bon-magi-2\/","title":{"rendered":"Els pastorets d&#8217;en bon Mag\u00ed"},"content":{"rendered":"<p>Els alumnes de 6\u00e8 per Nadal han interpretat l&#8217;obra de teatre <em><strong><span style=\"color: #000080;\">&#8220;Els Pastorets d&#8217;en bon Mag\u00ed&#8221;<\/span><\/strong><\/em> al centre c\u00edvic de Torreforta i a la Resid\u00e8ncia de Ponent.<br \/>\n<embed width=\"288\" height=\"192\" type=\"application\/x-shockwave-flash\" src=\"https:\/\/photos.gstatic.com\/media\/slideshow.swf\" flashvars=\"host=picasaweb.google.com&amp;hl=es&amp;feat=flashalbum&amp;RGB=0x000000&amp;feed=https%3A%2F%2Fpicasaweb.google.com%2Fdata%2Ffeed%2Fapi%2Fuser%2F111847518725419516497%2Falbumid%2F6242213389016018289%3Falt%3Drss%26kind%3Dphoto%26authkey%3DGv1sRgCLXg7YTMyLPaSw%26hl%3Des\" pluginspage=\"http:\/\/www.macromedia.com\/go\/getflashplayer\"><\/embed><\/p>\n","protected":false},"excerpt":{"rendered":"<p>Els alumnes de 6\u00e8 per Nadal han interpretat l&#8217;obra de teatre &#8220;Els Pastorets d&#8217;en bon Mag\u00ed&#8221; al centre c\u00edvic de Torreforta i a la Resid\u00e8ncia de Ponent.<\/p>\n","protected":false},"author":6,"featured_media":0,"comment_status":"open","ping_status":"open","sticky":false,"template":"","format":"standard","meta":{"_bbp_topic_count":0,"_bbp_reply_count":0,"_bbp_total_topic_count":0,"_bbp_total_reply_count":0,"_bbp_voice_count":0,"_bbp_anonymous_reply_count":0,"_bbp_topic_count_hidden":0,"_bbp_reply_count_hidden":0,"_bbp_forum_subforum_count":0,"footnotes":""},"categories":[21,25,152,41,4,37],"tags":[],"class_list":["post-1008","post","type-post","status-publish","format-standard","hentry","category-activitats-comunes","category-cicle-superior","category-curs-2015-16","category-nadal","category-portada","category-teatre"],"post_mailing_queue_ids":[],"_links":{"self":[{"href":"https:\/\/agora.xtec.cat\/ceipmdangels\/wp-json\/wp\/v2\/posts\/1008","targetHints":{"allow":["GET"]}}],"collection":[{"href":"https:\/\/agora.xtec.cat\/ceipmdangels\/wp-json\/wp\/v2\/posts"}],"about":[{"href":"https:\/\/agora.xtec.cat\/ceipmdangels\/wp-json\/wp\/v2\/types\/post"}],"author":[{"embeddable":true,"href":"https:\/\/agora.xtec.cat\/ceipmdangels\/wp-json\/wp\/v2\/users\/6"}],"replies":[{"embeddable":true,"href":"https:\/\/agora.xtec.cat\/ceipmdangels\/wp-json\/wp\/v2\/comments?post=1008"}],"version-history":[{"count":3,"href":"https:\/\/agora.xtec.cat\/ceipmdangels\/wp-json\/wp\/v2\/posts\/1008\/revisions"}],"predecessor-version":[{"id":1047,"href":"https:\/\/agora.xtec.cat\/ceipmdangels\/wp-json\/wp\/v2\/posts\/1008\/revisions\/1047"}],"wp:attachment":[{"href":"https:\/\/agora.xtec.cat\/ceipmdangels\/wp-json\/wp\/v2\/media?parent=1008"}],"wp:term":[{"taxonomy":"category","embeddable":true,"href":"https:\/\/agora.xtec.cat\/ceipmdangels\/wp-json\/wp\/v2\/categories?post=1008"},{"taxonomy":"post_tag","embeddable":true,"href":"https:\/\/agora.xtec.cat\/ceipmdangels\/wp-json\/wp\/v2\/tags?post=1008"}],"curies":[{"name":"wp","href":"https:\/\/api.w.org\/{rel}","templated":true}]}}