{"id":1000,"date":"2016-01-21T13:11:51","date_gmt":"2016-01-21T12:11:51","guid":{"rendered":"http:\/\/agora.xtec.cat\/ceipmdangels\/?p=1000"},"modified":"2022-04-21T15:58:19","modified_gmt":"2022-04-21T13:58:19","slug":"sortida-riu-francoli","status":"publish","type":"post","link":"https:\/\/agora.xtec.cat\/ceipmdangels\/portada\/sortida-riu-francoli\/","title":{"rendered":"Sortida Riu Francol\u00ed"},"content":{"rendered":"<p>El passat 20 de novembre els alumnes de 3r van gaudir d\u2019una sortida a \u201cl\u2019escola de Natura Francol\u00ed\u201d. Durant el mat\u00ed es va realitzar una petita explicaci\u00f3 de la import\u00e0ncia de reciclar, reduir i reutilitzar. Despr\u00e9s van elaborar un calidoscopi amb materials reciclats. A la tarda, van jugar a un parc i aix\u00ed varem passar un dia fabul\u00f3s.<\/p>\n<table style=\"width:194px;\">\n<tr>\n<td align=\"center\" style=\"height:194px;background:url(https:\/\/www.gstatic.com\/pwa\/s\/v\/lighthousefe_20160113.00_p0\/transparent_album_background.gif) no-repeat left\"><a href=\"https:\/\/picasaweb.google.com\/104150209654147348409\/26SortidaFrancoli3r?authuser=0&#038;feat=embedwebsite\"><img loading=\"lazy\" decoding=\"async\" src=\"https:\/\/lh3.googleusercontent.com\/-UT3rjKpa8mA\/VpeUUfMLftE\/AAAAAAAAAnU\/pDTOPx9U2w8\/s160-c-Ic42\/26SortidaFrancoli3r.jpg\" width=\"160\" height=\"160\" style=\"margin:1px 0 0 4px;\"><\/a><\/td>\n<\/tr>\n<tr>\n<td style=\"text-align:center;font-family:arial,sans-serif;font-size:11px\"><a href=\"https:\/\/picasaweb.google.com\/104150209654147348409\/26SortidaFrancoli3r?authuser=0&#038;feat=embedwebsite\" style=\"color:#4D4D4D;font-weight:bold;text-decoration:none;\">2- 6 Sortida Francol\u00ed 3r<\/a><\/td>\n<\/tr>\n<\/table>\n","protected":false},"excerpt":{"rendered":"<p>El passat 20 de novembre els alumnes de 3r van gaudir d\u2019una sortida a \u201cl\u2019escola de Natura Francol\u00ed\u201d. Durant el mat\u00ed es va realitzar una petita explicaci\u00f3 de la import\u00e0ncia de reciclar, reduir i reutilitzar. Despr\u00e9s van elaborar un calidoscopi amb materials reciclats. A la&hellip;  <a href=\"https:\/\/agora.xtec.cat\/ceipmdangels\/portada\/sortida-riu-francoli\/\" title=\"Read Sortida Riu Francol\u00ed\">Llegeix m\u00e9s\u00bb<\/a><\/p>\n","protected":false},"author":5,"featured_media":1006,"comment_status":"open","ping_status":"open","sticky":false,"template":"","format":"standard","meta":{"_bbp_topic_count":0,"_bbp_reply_count":0,"_bbp_total_topic_count":0,"_bbp_total_reply_count":0,"_bbp_voice_count":0,"_bbp_anonymous_reply_count":0,"_bbp_topic_count_hidden":0,"_bbp_reply_count_hidden":0,"_bbp_forum_subforum_count":0,"footnotes":""},"categories":[24,152,4],"tags":[],"class_list":["post-1000","post","type-post","status-publish","format-standard","has-post-thumbnail","hentry","category-cicle-mitja","category-curs-2015-16","category-portada"],"post_mailing_queue_ids":[],"_links":{"self":[{"href":"https:\/\/agora.xtec.cat\/ceipmdangels\/wp-json\/wp\/v2\/posts\/1000","targetHints":{"allow":["GET"]}}],"collection":[{"href":"https:\/\/agora.xtec.cat\/ceipmdangels\/wp-json\/wp\/v2\/posts"}],"about":[{"href":"https:\/\/agora.xtec.cat\/ceipmdangels\/wp-json\/wp\/v2\/types\/post"}],"author":[{"embeddable":true,"href":"https:\/\/agora.xtec.cat\/ceipmdangels\/wp-json\/wp\/v2\/users\/5"}],"replies":[{"embeddable":true,"href":"https:\/\/agora.xtec.cat\/ceipmdangels\/wp-json\/wp\/v2\/comments?post=1000"}],"version-history":[{"count":1,"href":"https:\/\/agora.xtec.cat\/ceipmdangels\/wp-json\/wp\/v2\/posts\/1000\/revisions"}],"predecessor-version":[{"id":1004,"href":"https:\/\/agora.xtec.cat\/ceipmdangels\/wp-json\/wp\/v2\/posts\/1000\/revisions\/1004"}],"wp:featuredmedia":[{"embeddable":true,"href":"https:\/\/agora.xtec.cat\/ceipmdangels\/wp-json\/wp\/v2\/media\/1006"}],"wp:attachment":[{"href":"https:\/\/agora.xtec.cat\/ceipmdangels\/wp-json\/wp\/v2\/media?parent=1000"}],"wp:term":[{"taxonomy":"category","embeddable":true,"href":"https:\/\/agora.xtec.cat\/ceipmdangels\/wp-json\/wp\/v2\/categories?post=1000"},{"taxonomy":"post_tag","embeddable":true,"href":"https:\/\/agora.xtec.cat\/ceipmdangels\/wp-json\/wp\/v2\/tags?post=1000"}],"curies":[{"name":"wp","href":"https:\/\/api.w.org\/{rel}","templated":true}]}}