{"id":1331,"date":"2025-09-23T14:04:12","date_gmt":"2025-09-23T12:04:12","guid":{"rendered":"https:\/\/agora.xtec.cat\/ceipmatildeordunya\/?p=1331"},"modified":"2025-09-23T14:04:12","modified_gmt":"2025-09-23T12:04:12","slug":"pla-de-digitalitzacio-responsable-guia-dacompanyament-a-les-families","status":"publish","type":"post","link":"https:\/\/agora.xtec.cat\/ceipmatildeordunya\/general\/pla-de-digitalitzacio-responsable-guia-dacompanyament-a-les-families\/","title":{"rendered":"Pla de digitalitzaci\u00f3 responsable &#8211; guia d&#8217;acompanyament a les fam\u00edlies"},"content":{"rendered":"\n<p>Aquest curs, el Departament d\u2019Educaci\u00f3 i Formaci\u00f3 Professional ha impulsat el Pla de digitalitzaci\u00f3 responsable, amb l\u2019objectiu d\u2019assegurar que l\u2019alumnat adquireix la compet\u00e8ncia digital, i de promoure un \u00fas adequat, \u00e8tic, saludable i responsable dels dispositius, per posar-los al servei de l&#8217;aprenentatge.<\/p>\n\n\n\n<p>El Pla de digitalitzaci\u00f3 responsable interpel\u00b7la tota la comunitat educativa, i especialment les fam\u00edlies. Per aquest motiu, el Departament d&#8217;Educaci\u00f3 ha elaborat una guia per acompanyar-vos en el proc\u00e9s de digitalitzaci\u00f3 responsable dels vostres fills i filles.<\/p>\n\n\n\n<iframe loading=\"lazy\" width=\"560\" height=\"315\" src=\"https:\/\/www.youtube.com\/embed\/wn7_gVc0FQc?si=oJTmuas0RrNERXvU\" title=\"YouTube video player\" frameborder=\"0\" allow=\"accelerometer; autoplay; clipboard-write; encrypted-media; gyroscope; picture-in-picture; web-share\" referrerpolicy=\"strict-origin-when-cross-origin\" allowfullscreen><\/iframe>\n\n\n\n<p><a href=\"https:\/\/objenv.gencat.cat\/v4\/public\/estadisticas\/link\/gencat_educacio\/2089\/2\/1661\/2280f5e97818818e77f49c68778da2f8\/\" target=\"_blank\" rel=\"noreferrer noopener\">Accediu a la guia per acompanyar les fam\u00edlies del Pla de digitalitzaci\u00f3 responsable<\/a><\/p>\n\n\n\n<p><\/p>\n","protected":false},"excerpt":{"rendered":"<p>Aquest curs, el Departament d\u2019Educaci\u00f3 i Formaci\u00f3 Professional ha impulsat el Pla de digitalitzaci\u00f3 responsable, amb l\u2019objectiu d\u2019assegurar que l\u2019alumnat [&hellip;]<\/p>\n","protected":false},"author":1,"featured_media":1332,"comment_status":"open","ping_status":"open","sticky":false,"template":"","format":"standard","meta":{"_bbp_topic_count":0,"_bbp_reply_count":0,"_bbp_total_topic_count":0,"_bbp_total_reply_count":0,"_bbp_voice_count":0,"_bbp_anonymous_reply_count":0,"_bbp_topic_count_hidden":0,"_bbp_reply_count_hidden":0,"_bbp_forum_subforum_count":0,"site-sidebar-layout":"default","site-content-layout":"","ast-site-content-layout":"default","site-content-style":"default","site-sidebar-style":"default","ast-global-header-display":"","ast-banner-title-visibility":"","ast-main-header-display":"","ast-hfb-above-header-display":"","ast-hfb-below-header-display":"","ast-hfb-mobile-header-display":"","site-post-title":"","ast-breadcrumbs-content":"","ast-featured-img":"","footer-sml-layout":"","theme-transparent-header-meta":"","adv-header-id-meta":"","stick-header-meta":"","header-above-stick-meta":"","header-main-stick-meta":"","header-below-stick-meta":"","astra-migrate-meta-layouts":"set","ast-page-background-enabled":"default","ast-page-background-meta":{"desktop":{"background-color":"var(--ast-global-color-4)","background-image":"","background-repeat":"repeat","background-position":"center center","background-size":"auto","background-attachment":"scroll","background-type":"","background-media":"","overlay-type":"","overlay-color":"","overlay-opacity":"","overlay-gradient":""},"tablet":{"background-color":"","background-image":"","background-repeat":"repeat","background-position":"center center","background-size":"auto","background-attachment":"scroll","background-type":"","background-media":"","overlay-type":"","overlay-color":"","overlay-opacity":"","overlay-gradient":""},"mobile":{"background-color":"","background-image":"","background-repeat":"repeat","background-position":"center center","background-size":"auto","background-attachment":"scroll","background-type":"","background-media":"","overlay-type":"","overlay-color":"","overlay-opacity":"","overlay-gradient":""}},"ast-content-background-meta":{"desktop":{"background-color":"var(--ast-global-color-5)","background-image":"","background-repeat":"repeat","background-position":"center center","background-size":"auto","background-attachment":"scroll","background-type":"","background-media":"","overlay-type":"","overlay-color":"","overlay-opacity":"","overlay-gradient":""},"tablet":{"background-color":"var(--ast-global-color-5)","background-image":"","background-repeat":"repeat","background-position":"center center","background-size":"auto","background-attachment":"scroll","background-type":"","background-media":"","overlay-type":"","overlay-color":"","overlay-opacity":"","overlay-gradient":""},"mobile":{"background-color":"var(--ast-global-color-5)","background-image":"","background-repeat":"repeat","background-position":"center center","background-size":"auto","background-attachment":"scroll","background-type":"","background-media":"","overlay-type":"","overlay-color":"","overlay-opacity":"","overlay-gradient":""}},"footnotes":""},"categories":[1,4],"tags":[],"class_list":["post-1331","post","type-post","status-publish","format-standard","has-post-thumbnail","hentry","category-general","category-portada"],"post_mailing_queue_ids":[],"_links":{"self":[{"href":"https:\/\/agora.xtec.cat\/ceipmatildeordunya\/wp-json\/wp\/v2\/posts\/1331","targetHints":{"allow":["GET"]}}],"collection":[{"href":"https:\/\/agora.xtec.cat\/ceipmatildeordunya\/wp-json\/wp\/v2\/posts"}],"about":[{"href":"https:\/\/agora.xtec.cat\/ceipmatildeordunya\/wp-json\/wp\/v2\/types\/post"}],"author":[{"embeddable":true,"href":"https:\/\/agora.xtec.cat\/ceipmatildeordunya\/wp-json\/wp\/v2\/users\/1"}],"replies":[{"embeddable":true,"href":"https:\/\/agora.xtec.cat\/ceipmatildeordunya\/wp-json\/wp\/v2\/comments?post=1331"}],"version-history":[{"count":1,"href":"https:\/\/agora.xtec.cat\/ceipmatildeordunya\/wp-json\/wp\/v2\/posts\/1331\/revisions"}],"predecessor-version":[{"id":1333,"href":"https:\/\/agora.xtec.cat\/ceipmatildeordunya\/wp-json\/wp\/v2\/posts\/1331\/revisions\/1333"}],"wp:featuredmedia":[{"embeddable":true,"href":"https:\/\/agora.xtec.cat\/ceipmatildeordunya\/wp-json\/wp\/v2\/media\/1332"}],"wp:attachment":[{"href":"https:\/\/agora.xtec.cat\/ceipmatildeordunya\/wp-json\/wp\/v2\/media?parent=1331"}],"wp:term":[{"taxonomy":"category","embeddable":true,"href":"https:\/\/agora.xtec.cat\/ceipmatildeordunya\/wp-json\/wp\/v2\/categories?post=1331"},{"taxonomy":"post_tag","embeddable":true,"href":"https:\/\/agora.xtec.cat\/ceipmatildeordunya\/wp-json\/wp\/v2\/tags?post=1331"}],"curies":[{"name":"wp","href":"https:\/\/api.w.org\/{rel}","templated":true}]}}