{"id":3006,"date":"2026-04-23T15:19:25","date_gmt":"2026-04-23T13:19:25","guid":{"rendered":"https:\/\/agora.xtec.cat\/ceipmaricel\/?p=3006"},"modified":"2026-04-23T15:20:26","modified_gmt":"2026-04-23T13:20:26","slug":"conte-encadenat-sant-jordi-2026","status":"publish","type":"post","link":"https:\/\/agora.xtec.cat\/ceipmaricel\/portada\/conte-encadenat-sant-jordi-2026\/","title":{"rendered":"CONTE ENCADENAT SANT JORDI 2026"},"content":{"rendered":"<p>&nbsp;<\/p>\n<p>Us presentem <strong>&#8220;El misteri de l&#8217;escola sense nom&#8221;<\/strong> \u00e9s el resultat d\u2019un treball col\u00b7laboratiu ple d\u2019imaginaci\u00f3 i creativitat. Cada classe ha aportat una part de la hist\u00f2ria, construint plegats un relat \u00fanic i preci\u00f3s.<\/p>\n<p>A mesura que la hist\u00f2ria avan\u00e7ava, anaven apareixent nous personatges, situacions inesperades i girs divertits que han fet del conte una experi\u00e8ncia molt especial. Aquest projecte ens ha ajudat a treballar en equip, escoltar les idees dels altres i deixar volar la imaginaci\u00f3.<\/p>\n<p>Estem molt orgullosos del resultat final i esperem que gaudiu del nostre conte tant com nosaltres hem gaudit creant-lo.<\/p>\n<p><a href=\"https:\/\/youtu.be\/q4MrdV9jAQo\">https:\/\/youtu.be\/q4MrdV9jAQo<\/a><\/p>\n","protected":false},"excerpt":{"rendered":"<p>&nbsp;<br \/>\nUs presentem &#8220;El misteri de l&#8217;escola sense nom&#8221; \u00e9s el resultat d\u2019un treball col\u00b7laboratiu ple d\u2019imaginaci\u00f3 i creativitat. Cada classe ha aportat una part de la hist\u00f2ria, construint plegats un relat \u00fanic i preci\u00f3s.<br \/>\nA mesura que la hist\u00f2ria avan\u00e7ava, anaven apareixent nous personatges, situacions inesperades&hellip;  <a href=\"https:\/\/agora.xtec.cat\/ceipmaricel\/portada\/conte-encadenat-sant-jordi-2026\/\" title=\"Read CONTE ENCADENAT SANT JORDI 2026\">Llegeix m\u00e9s\u00bb<\/a><\/p>\n","protected":false},"author":4,"featured_media":3007,"comment_status":"open","ping_status":"open","sticky":false,"template":"","format":"standard","meta":{"_bbp_topic_count":0,"_bbp_reply_count":0,"_bbp_total_topic_count":0,"_bbp_total_reply_count":0,"_bbp_voice_count":0,"_bbp_anonymous_reply_count":0,"_bbp_topic_count_hidden":0,"_bbp_reply_count_hidden":0,"_bbp_forum_subforum_count":0,"footnotes":""},"categories":[4],"tags":[],"class_list":["post-3006","post","type-post","status-publish","format-standard","has-post-thumbnail","hentry","category-portada"],"post_mailing_queue_ids":[],"_links":{"self":[{"href":"https:\/\/agora.xtec.cat\/ceipmaricel\/wp-json\/wp\/v2\/posts\/3006","targetHints":{"allow":["GET"]}}],"collection":[{"href":"https:\/\/agora.xtec.cat\/ceipmaricel\/wp-json\/wp\/v2\/posts"}],"about":[{"href":"https:\/\/agora.xtec.cat\/ceipmaricel\/wp-json\/wp\/v2\/types\/post"}],"author":[{"embeddable":true,"href":"https:\/\/agora.xtec.cat\/ceipmaricel\/wp-json\/wp\/v2\/users\/4"}],"replies":[{"embeddable":true,"href":"https:\/\/agora.xtec.cat\/ceipmaricel\/wp-json\/wp\/v2\/comments?post=3006"}],"version-history":[{"count":2,"href":"https:\/\/agora.xtec.cat\/ceipmaricel\/wp-json\/wp\/v2\/posts\/3006\/revisions"}],"predecessor-version":[{"id":3009,"href":"https:\/\/agora.xtec.cat\/ceipmaricel\/wp-json\/wp\/v2\/posts\/3006\/revisions\/3009"}],"wp:featuredmedia":[{"embeddable":true,"href":"https:\/\/agora.xtec.cat\/ceipmaricel\/wp-json\/wp\/v2\/media\/3007"}],"wp:attachment":[{"href":"https:\/\/agora.xtec.cat\/ceipmaricel\/wp-json\/wp\/v2\/media?parent=3006"}],"wp:term":[{"taxonomy":"category","embeddable":true,"href":"https:\/\/agora.xtec.cat\/ceipmaricel\/wp-json\/wp\/v2\/categories?post=3006"},{"taxonomy":"post_tag","embeddable":true,"href":"https:\/\/agora.xtec.cat\/ceipmaricel\/wp-json\/wp\/v2\/tags?post=3006"}],"curies":[{"name":"wp","href":"https:\/\/api.w.org\/{rel}","templated":true}]}}