{"id":2993,"date":"2026-03-08T21:33:13","date_gmt":"2026-03-08T20:33:13","guid":{"rendered":"https:\/\/agora.xtec.cat\/ceipmaricel\/?p=2993"},"modified":"2026-03-08T21:33:13","modified_gmt":"2026-03-08T20:33:13","slug":"oferta-inicial-de-places-curs-26-27","status":"publish","type":"post","link":"https:\/\/agora.xtec.cat\/ceipmaricel\/portada\/oferta-inicial-de-places-curs-26-27\/","title":{"rendered":"OFERTA INICIAL DE PLACES CURS 26-27"},"content":{"rendered":"<p>Ja podeu consultar l\u2019oferta inicial de places del nostre centre per al proper curs escolar. A la imatge adjunta trobareu el detall de les places disponibles per a cada nivell educatiu.<\/p>\n<p>Per a m\u00e9s informaci\u00f3 sobre el proc\u00e9s de preinscripci\u00f3, podeu contactar amb la secretaria de l\u2019escola.<\/p>\n<p><a href=\"https:\/\/agora.xtec.cat\/ceipmaricel\/wp-content\/uploads\/usu1871\/2026\/03\/INFORME_OFERTA_OME_INFORME_OFERTA-1.pdf\">INFORME OFERTA INICIAL MAR I CEL <\/a><\/p>\n","protected":false},"excerpt":{"rendered":"<p>Ja podeu consultar l\u2019oferta inicial de places del nostre centre per al proper curs escolar. A la imatge adjunta trobareu el detall de les places disponibles per a cada nivell educatiu.<br \/>\nPer a m\u00e9s informaci\u00f3 sobre el proc\u00e9s de preinscripci\u00f3, podeu contactar amb la secretaria de&hellip;  <a href=\"https:\/\/agora.xtec.cat\/ceipmaricel\/portada\/oferta-inicial-de-places-curs-26-27\/\" title=\"Read OFERTA INICIAL DE PLACES CURS 26-27\">Llegeix m\u00e9s\u00bb<\/a><\/p>\n","protected":false},"author":4,"featured_media":0,"comment_status":"open","ping_status":"open","sticky":false,"template":"","format":"standard","meta":{"_bbp_topic_count":0,"_bbp_reply_count":0,"_bbp_total_topic_count":0,"_bbp_total_reply_count":0,"_bbp_voice_count":0,"_bbp_anonymous_reply_count":0,"_bbp_topic_count_hidden":0,"_bbp_reply_count_hidden":0,"_bbp_forum_subforum_count":0,"footnotes":""},"categories":[4],"tags":[],"class_list":["post-2993","post","type-post","status-publish","format-standard","hentry","category-portada"],"post_mailing_queue_ids":[],"_links":{"self":[{"href":"https:\/\/agora.xtec.cat\/ceipmaricel\/wp-json\/wp\/v2\/posts\/2993","targetHints":{"allow":["GET"]}}],"collection":[{"href":"https:\/\/agora.xtec.cat\/ceipmaricel\/wp-json\/wp\/v2\/posts"}],"about":[{"href":"https:\/\/agora.xtec.cat\/ceipmaricel\/wp-json\/wp\/v2\/types\/post"}],"author":[{"embeddable":true,"href":"https:\/\/agora.xtec.cat\/ceipmaricel\/wp-json\/wp\/v2\/users\/4"}],"replies":[{"embeddable":true,"href":"https:\/\/agora.xtec.cat\/ceipmaricel\/wp-json\/wp\/v2\/comments?post=2993"}],"version-history":[{"count":1,"href":"https:\/\/agora.xtec.cat\/ceipmaricel\/wp-json\/wp\/v2\/posts\/2993\/revisions"}],"predecessor-version":[{"id":2995,"href":"https:\/\/agora.xtec.cat\/ceipmaricel\/wp-json\/wp\/v2\/posts\/2993\/revisions\/2995"}],"wp:attachment":[{"href":"https:\/\/agora.xtec.cat\/ceipmaricel\/wp-json\/wp\/v2\/media?parent=2993"}],"wp:term":[{"taxonomy":"category","embeddable":true,"href":"https:\/\/agora.xtec.cat\/ceipmaricel\/wp-json\/wp\/v2\/categories?post=2993"},{"taxonomy":"post_tag","embeddable":true,"href":"https:\/\/agora.xtec.cat\/ceipmaricel\/wp-json\/wp\/v2\/tags?post=2993"}],"curies":[{"name":"wp","href":"https:\/\/api.w.org\/{rel}","templated":true}]}}