{"id":2816,"date":"2025-02-11T13:49:29","date_gmt":"2025-02-11T12:49:29","guid":{"rendered":"https:\/\/agora.xtec.cat\/ceipmaricel\/?p=2816"},"modified":"2025-02-11T13:51:46","modified_gmt":"2025-02-11T12:51:46","slug":"portes-obertes-2025-2026","status":"publish","type":"post","link":"https:\/\/agora.xtec.cat\/ceipmaricel\/portada\/portes-obertes-2025-2026\/","title":{"rendered":"PORTES OBERTES 2025-2026"},"content":{"rendered":"<p>Benvolgudes fam\u00edlies,<\/p>\n<p>Voleu con\u00e8ixer la nostra escola? Properament es portaran a terme les jornades de portes obertes:<\/p>\n<p><strong>DIMECRES 5 DE MAR\u00c7, presentaci\u00f3 del Projecte<\/strong> a les 14:30 h sessi\u00f3 telem\u00e0tica:<strong>\u00a0<a href=\"https:\/\/meet.google.com\/dbj-tyfr-fzb\">ENLLA\u00c7 A LA REUNI\u00d3<\/a><\/strong><\/p>\n<p><strong>DISSABTE 8 DE MAR\u00c7<\/strong> a partir de les 9:30 h visita presencial<a href=\"https:\/\/forms.gle\/Sf59JRayfpeyQErbA\"><strong>\u00a0(cal inscripci\u00f3 pr\u00e8via cliqueu aqu\u00ed)<\/strong><\/a><\/p>\n<p>Tamb\u00e9 podem atendre els vostres dubtes al tel\u00e8fon de l\u2019escola <strong>93.518.44.85<\/strong> o b\u00e9 per correu electr\u00f2nic al <strong>a8064751@xtec.cat<\/strong><\/p>\n<p>&nbsp;<\/p>\n<p><img loading=\"lazy\" decoding=\"async\" class=\"\" src=\"https:\/\/agora.xtec.cat\/ceipmaricel\/wp-content\/uploads\/usu1871\/2025\/02\/25-26-819x1024.jpg\" width=\"717\" height=\"896\" \/><\/p>\n","protected":false},"excerpt":{"rendered":"<p>Benvolgudes fam\u00edlies,<br \/>\nVoleu con\u00e8ixer la nostra escola? Properament es portaran a terme les jornades de portes obertes:<br \/>\nDIMECRES 5 DE MAR\u00c7, presentaci\u00f3 del Projecte a les 14:30 h sessi\u00f3 telem\u00e0tica:\u00a0<a href=\"https:\/\/meet.google.com\/dbj-tyfr-fzb\">ENLLA\u00c7 A LA REUNI\u00d3<\/a><br \/>\nDISSABTE 8 DE MAR\u00c7 a partir de les 9:30 h visita presencial<a href=\"https:\/\/forms.gle\/Sf59JRayfpeyQErbA\">\u00a0(cal inscripci\u00f3&hellip;  <a href=\"https:\/\/agora.xtec.cat\/ceipmaricel\/portada\/portes-obertes-2025-2026\/\" title=\"Read PORTES OBERTES 2025-2026\">Llegeix m\u00e9s\u00bb<\/a><\/p>\n","protected":false},"author":4,"featured_media":0,"comment_status":"open","ping_status":"closed","sticky":false,"template":"","format":"standard","meta":{"_bbp_topic_count":0,"_bbp_reply_count":0,"_bbp_total_topic_count":0,"_bbp_total_reply_count":0,"_bbp_voice_count":0,"_bbp_anonymous_reply_count":0,"_bbp_topic_count_hidden":0,"_bbp_reply_count_hidden":0,"_bbp_forum_subforum_count":0,"footnotes":""},"categories":[4],"tags":[],"class_list":["post-2816","post","type-post","status-publish","format-standard","hentry","category-portada"],"post_mailing_queue_ids":[],"_links":{"self":[{"href":"https:\/\/agora.xtec.cat\/ceipmaricel\/wp-json\/wp\/v2\/posts\/2816","targetHints":{"allow":["GET"]}}],"collection":[{"href":"https:\/\/agora.xtec.cat\/ceipmaricel\/wp-json\/wp\/v2\/posts"}],"about":[{"href":"https:\/\/agora.xtec.cat\/ceipmaricel\/wp-json\/wp\/v2\/types\/post"}],"author":[{"embeddable":true,"href":"https:\/\/agora.xtec.cat\/ceipmaricel\/wp-json\/wp\/v2\/users\/4"}],"replies":[{"embeddable":true,"href":"https:\/\/agora.xtec.cat\/ceipmaricel\/wp-json\/wp\/v2\/comments?post=2816"}],"version-history":[{"count":2,"href":"https:\/\/agora.xtec.cat\/ceipmaricel\/wp-json\/wp\/v2\/posts\/2816\/revisions"}],"predecessor-version":[{"id":2818,"href":"https:\/\/agora.xtec.cat\/ceipmaricel\/wp-json\/wp\/v2\/posts\/2816\/revisions\/2818"}],"wp:attachment":[{"href":"https:\/\/agora.xtec.cat\/ceipmaricel\/wp-json\/wp\/v2\/media?parent=2816"}],"wp:term":[{"taxonomy":"category","embeddable":true,"href":"https:\/\/agora.xtec.cat\/ceipmaricel\/wp-json\/wp\/v2\/categories?post=2816"},{"taxonomy":"post_tag","embeddable":true,"href":"https:\/\/agora.xtec.cat\/ceipmaricel\/wp-json\/wp\/v2\/tags?post=2816"}],"curies":[{"name":"wp","href":"https:\/\/api.w.org\/{rel}","templated":true}]}}