{"id":732,"date":"2016-03-02T09:59:22","date_gmt":"2016-03-02T08:59:22","guid":{"rendered":"http:\/\/agora.xtec.cat\/ceipmarianao\/?p=732"},"modified":"2016-04-18T11:48:48","modified_gmt":"2016-04-18T10:48:48","slug":"preinscripcio","status":"publish","type":"post","link":"https:\/\/agora.xtec.cat\/ceipmarianao\/general\/preinscripcio\/","title":{"rendered":"Preinscripci\u00f3"},"content":{"rendered":"<p style=\"text-align: center;\"><strong>Calendari de preinscripci\u00f3 2016-2017<\/strong><\/p>\n<p style=\"text-align: center;\"><strong>Educaci\u00f3 Infantil, Educaci\u00f3 Prim\u00e0ria i 1r d&#8217;ESO<\/strong><\/p>\n<table>\n<tbody>\n<tr>\n<td>Difusi\u00f3 de l&#8217;oferta<\/td>\n<td>18 de mar\u00e7<\/td>\n<\/tr>\n<tr>\n<td>Presentaci\u00f3 de sol\u00b7licituds<\/td>\n<td>del 30 de mar\u00e7 al 7 d&#8217;abril<\/td>\n<\/tr>\n<tr>\n<td>Publicaci\u00f3 de les llistes amb el barem provisional<\/td>\n<td>15 d&#8217;abril<\/td>\n<\/tr>\n<tr>\n<td>Sorteig (Departament d&#8217;Ensenyament)<\/td>\n<td>18 d&#8217;abril<\/td>\n<\/tr>\n<tr>\n<td>Presentaci\u00f3 de reclamacions<\/td>\n<td>del 15 al 20 d&#8217;abril<\/td>\n<\/tr>\n<tr>\n<td>Publicaci\u00f3 de les llistes definitives<\/td>\n<td>25 d&#8217;abril<\/td>\n<\/tr>\n<tr>\n<td>Publicaci\u00f3 de l&#8217;oferta definitiva<\/td>\n<td>17 de maig<\/td>\n<\/tr>\n<tr>\n<td>Publicaci\u00f3 de les llistes d&#8217;admesos<\/td>\n<td>24 de maig<\/td>\n<\/tr>\n<tr>\n<td>Per\u00edode de matriculaci\u00f3<\/td>\n<td>del 13 al 17 de juny<\/td>\n<\/tr>\n<\/tbody>\n<\/table>\n<p style=\"text-align: center;\"><a href=\"https:\/\/drive.google.com\/file\/d\/0B7L1ZOzeL__SdDhkbWpBdDBVdmc\/view?usp=sharing\">Aqu\u00ed<\/a> podeu consultar el calendari escolar 2016-2017<\/p>\n<p style=\"text-align: center;\">Descarregueu-vos el <a href=\"https:\/\/drive.google.com\/a\/xtec.cat\/file\/d\/0B7L1ZOzeL__ScTRBN3VEcmswN0E\/view?usp=sharing\">formulari de sol\u00b7licitud de preinscripci\u00f3 <\/a><\/p>\n<p style=\"text-align: center;\">N\u00famero per deteminar l&#8217;ordre en cas d&#8217;empat (sorteig) <a href=\"http:\/\/ensenyament.gencat.cat\/ca\/inici\/\">4.913<\/a><\/p>\n","protected":false},"excerpt":{"rendered":"<p>Calendari de preinscripci\u00f3 2016-2017<br \/>\nEducaci\u00f3 Infantil, Educaci\u00f3 Prim\u00e0ria i 1r d&#8217;ESO<\/p>\n<p>Difusi\u00f3 de l&#8217;oferta<br \/>\n18 de mar\u00e7<\/p>\n<p>Presentaci\u00f3 de sol\u00b7licituds<br \/>\ndel 30 de mar\u00e7 al 7 d&#8217;abril<\/p>\n<p>Publicaci\u00f3 de les llistes amb el barem provisional<br \/>\n15 d&#8217;abril<\/p>\n<p>Sorteig (Departament d&#8217;Ensenyament)<br \/>\n18 d&#8217;abril<\/p>\n<p>Presentaci\u00f3 de reclamacions<br \/>\ndel 15 al 20 d&#8217;abril<\/p>\n<p>Publicaci\u00f3 de les llistes definitives<br \/>\n25 d&#8217;abril<\/p>\n<p>Publicaci\u00f3 de&hellip;  <a href=\"https:\/\/agora.xtec.cat\/ceipmarianao\/general\/preinscripcio\/\" title=\"Read Preinscripci\u00f3\">Llegeix m\u00e9s\u00bb<\/a><\/p>\n","protected":false},"author":3,"featured_media":0,"comment_status":"open","ping_status":"open","sticky":false,"template":"","format":"standard","meta":{"_bbp_topic_count":0,"_bbp_reply_count":0,"_bbp_total_topic_count":0,"_bbp_total_reply_count":0,"_bbp_voice_count":0,"_bbp_anonymous_reply_count":0,"_bbp_topic_count_hidden":0,"_bbp_reply_count_hidden":0,"_bbp_forum_subforum_count":0,"footnotes":""},"categories":[1,28,4],"tags":[],"class_list":["post-732","post","type-post","status-publish","format-standard","hentry","category-general","category-noticies-portada","category-portada"],"post_mailing_queue_ids":[],"_links":{"self":[{"href":"https:\/\/agora.xtec.cat\/ceipmarianao\/wp-json\/wp\/v2\/posts\/732","targetHints":{"allow":["GET"]}}],"collection":[{"href":"https:\/\/agora.xtec.cat\/ceipmarianao\/wp-json\/wp\/v2\/posts"}],"about":[{"href":"https:\/\/agora.xtec.cat\/ceipmarianao\/wp-json\/wp\/v2\/types\/post"}],"author":[{"embeddable":true,"href":"https:\/\/agora.xtec.cat\/ceipmarianao\/wp-json\/wp\/v2\/users\/3"}],"replies":[{"embeddable":true,"href":"https:\/\/agora.xtec.cat\/ceipmarianao\/wp-json\/wp\/v2\/comments?post=732"}],"version-history":[{"count":4,"href":"https:\/\/agora.xtec.cat\/ceipmarianao\/wp-json\/wp\/v2\/posts\/732\/revisions"}],"predecessor-version":[{"id":986,"href":"https:\/\/agora.xtec.cat\/ceipmarianao\/wp-json\/wp\/v2\/posts\/732\/revisions\/986"}],"wp:attachment":[{"href":"https:\/\/agora.xtec.cat\/ceipmarianao\/wp-json\/wp\/v2\/media?parent=732"}],"wp:term":[{"taxonomy":"category","embeddable":true,"href":"https:\/\/agora.xtec.cat\/ceipmarianao\/wp-json\/wp\/v2\/categories?post=732"},{"taxonomy":"post_tag","embeddable":true,"href":"https:\/\/agora.xtec.cat\/ceipmarianao\/wp-json\/wp\/v2\/tags?post=732"}],"curies":[{"name":"wp","href":"https:\/\/api.w.org\/{rel}","templated":true}]}}