{"id":5696,"date":"2026-04-30T00:33:33","date_gmt":"2026-04-29T22:33:33","guid":{"rendered":"https:\/\/agora.xtec.cat\/ceipmarianao\/?p=5696"},"modified":"2026-04-30T11:54:10","modified_gmt":"2026-04-30T09:54:10","slug":"1r-dia-colonies-i5-i-2n-dia-colonies-2n-4t-i-6e-2","status":"publish","type":"post","link":"https:\/\/agora.xtec.cat\/ceipmarianao\/general\/1r-dia-colonies-i5-i-2n-dia-colonies-2n-4t-i-6e-2\/","title":{"rendered":"1r DIA COL\u00d2NIES I5 i 2n DIA COL\u00d2NIES 2n, 4t i 6\u00e8"},"content":{"rendered":"<p style=\"text-align: justify;\">Els m\u00e9s petits i les m\u00e9s petites han superat el seu primer dia a Mas Bad\u00f3 i els infants de 2n, 4t i 6\u00e8 tamb\u00e9 n&#8217;han superat el segon! Els infants de 2n han fet les activitats de la batalla de mags i de la sala m\u00e0gica, els nens i les nenes de 4t han fet esports d&#8217;equip i els nois i les noies de 6\u00e8 han fet ponts, tir amb arc, via ferrada i gronxador. Despr\u00e9s d\u2019un bon dinar, els nens i les nenes d&#8217;I5 han fet les activitats de batalla de mags i la sala m\u00e0gica, els i les de 2n les de bruixes i bruixots i l&#8217;escombra voladora, els infants de 4t les de via ferrada i gronxador i els nois i les noies de 6\u00e8 les d\u2019esports d\u2019equip, quads i orientaci\u00f3.<\/p>\n<p style=\"text-align: justify;\">Per a berenar: un bon entrep\u00e0! Una mica de joc lliure, el sopar i&#8230; tots i totes a la disco a donar-ho tot!<\/p>\n<p style=\"text-align: justify;\">Estem molt cansats i cansades, per\u00f2 hem gaudit de valent! Dem\u00e0, despr\u00e9s d&#8217;esmorzar, de fer les activitats programades i de dinar, tornarem a l&#8217;escola on ens retrobarem cap a les 16:30h. Fins aviat!!!<\/p>\n<p style=\"text-align: center;\"><a href=\"https:\/\/youtu.be\/t2ReVJXsCoA\">V\u00cdDEO 1r DIA COL\u00d2NIES I5<\/a><\/p>\n<p style=\"text-align: center;\"><a href=\"https:\/\/youtu.be\/We4tRPT_NdU\">V\u00cdDEO 2n DIA COL\u00d2NIES 2n<\/a><\/p>\n<p style=\"text-align: center;\"><a href=\"https:\/\/youtube.com\/shorts\/B4C1F2-f-Dg?feature=share\">V\u00cdDEO 2n DIA COL\u00d2NIES 4t<\/a><\/p>\n<p style=\"text-align: center;\"><a href=\"https:\/\/youtu.be\/8VF2aSYBCs4\">V\u00cdDEO 2n DIA COL\u00d2NIES 6\u00e8<\/a><\/p>\n","protected":false},"excerpt":{"rendered":"<p>Els m\u00e9s petits i les m\u00e9s petites han superat el seu primer dia a Mas Bad\u00f3 i els infants de 2n, 4t i 6\u00e8 tamb\u00e9 n&#8217;han superat el segon! Els infants de 2n han fet les activitats de la batalla de mags i de la&hellip;  <a href=\"https:\/\/agora.xtec.cat\/ceipmarianao\/general\/1r-dia-colonies-i5-i-2n-dia-colonies-2n-4t-i-6e-2\/\" title=\"Read 1r DIA COL\u00d2NIES I5 i 2n DIA COL\u00d2NIES 2n, 4t i 6\u00e8\">Llegeix m\u00e9s\u00bb<\/a><\/p>\n","protected":false},"author":3,"featured_media":5699,"comment_status":"closed","ping_status":"closed","sticky":false,"template":"","format":"standard","meta":{"_bbp_topic_count":0,"_bbp_reply_count":0,"_bbp_total_topic_count":0,"_bbp_total_reply_count":0,"_bbp_voice_count":0,"_bbp_anonymous_reply_count":0,"_bbp_topic_count_hidden":0,"_bbp_reply_count_hidden":0,"_bbp_forum_subforum_count":0,"footnotes":""},"categories":[1,28,4],"tags":[],"class_list":["post-5696","post","type-post","status-publish","format-standard","has-post-thumbnail","hentry","category-general","category-noticies-portada","category-portada"],"post_mailing_queue_ids":[],"_links":{"self":[{"href":"https:\/\/agora.xtec.cat\/ceipmarianao\/wp-json\/wp\/v2\/posts\/5696","targetHints":{"allow":["GET"]}}],"collection":[{"href":"https:\/\/agora.xtec.cat\/ceipmarianao\/wp-json\/wp\/v2\/posts"}],"about":[{"href":"https:\/\/agora.xtec.cat\/ceipmarianao\/wp-json\/wp\/v2\/types\/post"}],"author":[{"embeddable":true,"href":"https:\/\/agora.xtec.cat\/ceipmarianao\/wp-json\/wp\/v2\/users\/3"}],"replies":[{"embeddable":true,"href":"https:\/\/agora.xtec.cat\/ceipmarianao\/wp-json\/wp\/v2\/comments?post=5696"}],"version-history":[{"count":6,"href":"https:\/\/agora.xtec.cat\/ceipmarianao\/wp-json\/wp\/v2\/posts\/5696\/revisions"}],"predecessor-version":[{"id":5706,"href":"https:\/\/agora.xtec.cat\/ceipmarianao\/wp-json\/wp\/v2\/posts\/5696\/revisions\/5706"}],"wp:featuredmedia":[{"embeddable":true,"href":"https:\/\/agora.xtec.cat\/ceipmarianao\/wp-json\/wp\/v2\/media\/5699"}],"wp:attachment":[{"href":"https:\/\/agora.xtec.cat\/ceipmarianao\/wp-json\/wp\/v2\/media?parent=5696"}],"wp:term":[{"taxonomy":"category","embeddable":true,"href":"https:\/\/agora.xtec.cat\/ceipmarianao\/wp-json\/wp\/v2\/categories?post=5696"},{"taxonomy":"post_tag","embeddable":true,"href":"https:\/\/agora.xtec.cat\/ceipmarianao\/wp-json\/wp\/v2\/tags?post=5696"}],"curies":[{"name":"wp","href":"https:\/\/api.w.org\/{rel}","templated":true}]}}