{"id":5690,"date":"2026-04-25T16:46:03","date_gmt":"2026-04-25T14:46:03","guid":{"rendered":"https:\/\/agora.xtec.cat\/ceipmarianao\/?p=5690"},"modified":"2026-04-29T16:51:19","modified_gmt":"2026-04-29T14:51:19","slug":"setmana-santa-jordi-2026","status":"publish","type":"post","link":"https:\/\/agora.xtec.cat\/ceipmarianao\/general\/setmana-santa-jordi-2026\/","title":{"rendered":"SETMANA SANT JORDI 2026"},"content":{"rendered":"<p style=\"text-align: justify;\">Durant la setmana de Sant Jordi, es van fer diferents activitats al voltant d&#8217;aquesta festivitat: treballs manuals elaborats pels infants, una lectura i dramatitzaci\u00f3 personalitzades, i ben especials, de la llegenda de Sant Jordi, la marat\u00f3 de contes, obres de teatre en angl\u00e8s a c\u00e0rrec de la companyia <em>Jumping Ducks,<\/em> l&#8217;elaboraci\u00f3 d&#8217;un photocall per als Jocs Florals, una paradeta de roses i manualitats a c\u00e0rrec dels nois i de les noies de 6\u00e8&#8230; Es va celebrar la Diada d&#8217;all\u00f2 m\u00e9s b\u00e9. Gr\u00e0cies per fer-ho possible! Mireu, mireu&#8230;<\/p>\n<p><a href=\"https:\/\/youtu.be\/PPNOkc17HNc\"><img loading=\"lazy\" decoding=\"async\" class=\"wp-image-5691 aligncenter\" src=\"https:\/\/agora.xtec.cat\/ceipmarianao\/wp-content\/uploads\/usu17\/2026\/04\/Captura-de-pantalla-2026-04-29-123537-1024x573.png\" alt=\"\" width=\"584\" height=\"327\" srcset=\"https:\/\/agora.xtec.cat\/ceipmarianao\/wp-content\/uploads\/usu17\/2026\/04\/Captura-de-pantalla-2026-04-29-123537-1024x573.png 1024w, https:\/\/agora.xtec.cat\/ceipmarianao\/wp-content\/uploads\/usu17\/2026\/04\/Captura-de-pantalla-2026-04-29-123537-300x168.png 300w, https:\/\/agora.xtec.cat\/ceipmarianao\/wp-content\/uploads\/usu17\/2026\/04\/Captura-de-pantalla-2026-04-29-123537-768x430.png 768w, https:\/\/agora.xtec.cat\/ceipmarianao\/wp-content\/uploads\/usu17\/2026\/04\/Captura-de-pantalla-2026-04-29-123537-1536x860.png 1536w, https:\/\/agora.xtec.cat\/ceipmarianao\/wp-content\/uploads\/usu17\/2026\/04\/Captura-de-pantalla-2026-04-29-123537.png 1743w\" sizes=\"auto, (max-width: 584px) 100vw, 584px\" \/><\/a><\/p>\n","protected":false},"excerpt":{"rendered":"<p>Durant la setmana de Sant Jordi, es van fer diferents activitats al voltant d&#8217;aquesta festivitat: treballs manuals elaborats pels infants, una lectura i dramatitzaci\u00f3 personalitzades, i ben especials, de la llegenda de Sant Jordi, la marat\u00f3 de contes, obres de teatre en angl\u00e8s a c\u00e0rrec&hellip;  <a href=\"https:\/\/agora.xtec.cat\/ceipmarianao\/general\/setmana-santa-jordi-2026\/\" title=\"Read SETMANA SANT JORDI 2026\">Llegeix m\u00e9s\u00bb<\/a><\/p>\n","protected":false},"author":7,"featured_media":5693,"comment_status":"closed","ping_status":"closed","sticky":false,"template":"","format":"standard","meta":{"_bbp_topic_count":0,"_bbp_reply_count":0,"_bbp_total_topic_count":0,"_bbp_total_reply_count":0,"_bbp_voice_count":0,"_bbp_anonymous_reply_count":0,"_bbp_topic_count_hidden":0,"_bbp_reply_count_hidden":0,"_bbp_forum_subforum_count":0,"footnotes":""},"categories":[1,28,4],"tags":[],"class_list":["post-5690","post","type-post","status-publish","format-standard","has-post-thumbnail","hentry","category-general","category-noticies-portada","category-portada"],"post_mailing_queue_ids":[],"_links":{"self":[{"href":"https:\/\/agora.xtec.cat\/ceipmarianao\/wp-json\/wp\/v2\/posts\/5690","targetHints":{"allow":["GET"]}}],"collection":[{"href":"https:\/\/agora.xtec.cat\/ceipmarianao\/wp-json\/wp\/v2\/posts"}],"about":[{"href":"https:\/\/agora.xtec.cat\/ceipmarianao\/wp-json\/wp\/v2\/types\/post"}],"author":[{"embeddable":true,"href":"https:\/\/agora.xtec.cat\/ceipmarianao\/wp-json\/wp\/v2\/users\/7"}],"replies":[{"embeddable":true,"href":"https:\/\/agora.xtec.cat\/ceipmarianao\/wp-json\/wp\/v2\/comments?post=5690"}],"version-history":[{"count":3,"href":"https:\/\/agora.xtec.cat\/ceipmarianao\/wp-json\/wp\/v2\/posts\/5690\/revisions"}],"predecessor-version":[{"id":5695,"href":"https:\/\/agora.xtec.cat\/ceipmarianao\/wp-json\/wp\/v2\/posts\/5690\/revisions\/5695"}],"wp:featuredmedia":[{"embeddable":true,"href":"https:\/\/agora.xtec.cat\/ceipmarianao\/wp-json\/wp\/v2\/media\/5693"}],"wp:attachment":[{"href":"https:\/\/agora.xtec.cat\/ceipmarianao\/wp-json\/wp\/v2\/media?parent=5690"}],"wp:term":[{"taxonomy":"category","embeddable":true,"href":"https:\/\/agora.xtec.cat\/ceipmarianao\/wp-json\/wp\/v2\/categories?post=5690"},{"taxonomy":"post_tag","embeddable":true,"href":"https:\/\/agora.xtec.cat\/ceipmarianao\/wp-json\/wp\/v2\/tags?post=5690"}],"curies":[{"name":"wp","href":"https:\/\/api.w.org\/{rel}","templated":true}]}}