{"id":5666,"date":"2026-04-23T12:32:46","date_gmt":"2026-04-23T10:32:46","guid":{"rendered":"https:\/\/agora.xtec.cat\/ceipmarianao\/?p=5666"},"modified":"2026-04-23T12:33:14","modified_gmt":"2026-04-23T10:33:14","slug":"12a-setmana-saludable","status":"publish","type":"post","link":"https:\/\/agora.xtec.cat\/ceipmarianao\/general\/12a-setmana-saludable\/","title":{"rendered":"12a SETMANA SALUDABLE"},"content":{"rendered":"<p style=\"text-align: justify;\">Aquest curs, com ja \u00e9s tradici\u00f3 a l&#8217;Escola Marianao, realitzarem la 12a Setmana Saludable del 4 al 8 de maig de 2026.<\/p>\n<p style=\"text-align: justify;\">Enguany ens centrarem en la import\u00e0ncia del consum de fruita com a base d&#8217;una alimentaci\u00f3 saludable, sense deixar de banda la import\u00e0ncia de dur a terme activitat f\u00edsica de manera regular, un bon descans i una bona gesti\u00f3 de les emocions.<\/p>\n<p style=\"text-align: justify;\">L&#8217;esl\u00f2gan ser\u00e0:<\/p>\n<p style=\"text-align: justify;\">&#8220;Fruita cada dia, carrega&#8217;t d&#8217;energia!&#8221;<\/p>\n<p style=\"text-align: justify;\">Mireu, mireu, la quantitat d&#8217;activitats que tenim preparades i llegiu-vos el <a href=\"https:\/\/drive.google.com\/file\/d\/13G7o07reKq2aJojkDEeCKNGDnfURSzJE\/view?usp=sharing\">dossier informatiu<\/a> per a no perdre-us res&#8230;<\/p>\n<p style=\"text-align: center;\"><a href=\"https:\/\/agora.xtec.cat\/ceipmarianao\/wp-content\/uploads\/usu17\/2026\/04\/Captura-de-pantalla-2026-04-23-122753.png\"><img loading=\"lazy\" decoding=\"async\" class=\"aligncenter wp-image-5667\" src=\"https:\/\/agora.xtec.cat\/ceipmarianao\/wp-content\/uploads\/usu17\/2026\/04\/Captura-de-pantalla-2026-04-23-122753-300x213.png\" alt=\"\" width=\"501\" height=\"356\" srcset=\"https:\/\/agora.xtec.cat\/ceipmarianao\/wp-content\/uploads\/usu17\/2026\/04\/Captura-de-pantalla-2026-04-23-122753-300x213.png 300w, https:\/\/agora.xtec.cat\/ceipmarianao\/wp-content\/uploads\/usu17\/2026\/04\/Captura-de-pantalla-2026-04-23-122753-1024x725.png 1024w, https:\/\/agora.xtec.cat\/ceipmarianao\/wp-content\/uploads\/usu17\/2026\/04\/Captura-de-pantalla-2026-04-23-122753-768x544.png 768w, https:\/\/agora.xtec.cat\/ceipmarianao\/wp-content\/uploads\/usu17\/2026\/04\/Captura-de-pantalla-2026-04-23-122753.png 1197w\" sizes=\"auto, (max-width: 501px) 100vw, 501px\" \/><\/a><\/p>\n","protected":false},"excerpt":{"rendered":"<p>Aquest curs, com ja \u00e9s tradici\u00f3 a l&#8217;Escola Marianao, realitzarem la 12a Setmana Saludable del 4 al 8 de maig de 2026.<br \/>\nEnguany ens centrarem en la import\u00e0ncia del consum de fruita com a base d&#8217;una alimentaci\u00f3 saludable, sense deixar de banda la import\u00e0ncia de dur&hellip;  <a href=\"https:\/\/agora.xtec.cat\/ceipmarianao\/general\/12a-setmana-saludable\/\" title=\"Read 12a SETMANA SALUDABLE\">Llegeix m\u00e9s\u00bb<\/a><\/p>\n","protected":false},"author":3,"featured_media":0,"comment_status":"closed","ping_status":"closed","sticky":false,"template":"","format":"standard","meta":{"_bbp_topic_count":0,"_bbp_reply_count":0,"_bbp_total_topic_count":0,"_bbp_total_reply_count":0,"_bbp_voice_count":0,"_bbp_anonymous_reply_count":0,"_bbp_topic_count_hidden":0,"_bbp_reply_count_hidden":0,"_bbp_forum_subforum_count":0,"footnotes":""},"categories":[1,28,4],"tags":[],"class_list":["post-5666","post","type-post","status-publish","format-standard","hentry","category-general","category-noticies-portada","category-portada"],"post_mailing_queue_ids":[],"_links":{"self":[{"href":"https:\/\/agora.xtec.cat\/ceipmarianao\/wp-json\/wp\/v2\/posts\/5666","targetHints":{"allow":["GET"]}}],"collection":[{"href":"https:\/\/agora.xtec.cat\/ceipmarianao\/wp-json\/wp\/v2\/posts"}],"about":[{"href":"https:\/\/agora.xtec.cat\/ceipmarianao\/wp-json\/wp\/v2\/types\/post"}],"author":[{"embeddable":true,"href":"https:\/\/agora.xtec.cat\/ceipmarianao\/wp-json\/wp\/v2\/users\/3"}],"replies":[{"embeddable":true,"href":"https:\/\/agora.xtec.cat\/ceipmarianao\/wp-json\/wp\/v2\/comments?post=5666"}],"version-history":[{"count":2,"href":"https:\/\/agora.xtec.cat\/ceipmarianao\/wp-json\/wp\/v2\/posts\/5666\/revisions"}],"predecessor-version":[{"id":5669,"href":"https:\/\/agora.xtec.cat\/ceipmarianao\/wp-json\/wp\/v2\/posts\/5666\/revisions\/5669"}],"wp:attachment":[{"href":"https:\/\/agora.xtec.cat\/ceipmarianao\/wp-json\/wp\/v2\/media?parent=5666"}],"wp:term":[{"taxonomy":"category","embeddable":true,"href":"https:\/\/agora.xtec.cat\/ceipmarianao\/wp-json\/wp\/v2\/categories?post=5666"},{"taxonomy":"post_tag","embeddable":true,"href":"https:\/\/agora.xtec.cat\/ceipmarianao\/wp-json\/wp\/v2\/tags?post=5666"}],"curies":[{"name":"wp","href":"https:\/\/api.w.org\/{rel}","templated":true}]}}