{"id":5643,"date":"2026-02-14T21:59:19","date_gmt":"2026-02-14T20:59:19","guid":{"rendered":"https:\/\/agora.xtec.cat\/ceipmarianao\/?p=5643"},"modified":"2026-02-14T21:59:19","modified_gmt":"2026-02-14T20:59:19","slug":"carnaval-2026","status":"publish","type":"post","link":"https:\/\/agora.xtec.cat\/ceipmarianao\/general\/carnaval-2026\/","title":{"rendered":"CARNAVAL 2026"},"content":{"rendered":"<p style=\"text-align: justify;\">La pluja no va aconseguir que ens qued\u00e9ssim sense carnaval. Tot i que va ser una ll\u00e0stima que les fam\u00edlies no el pogu\u00e9ssiu gaudir amb nosaltres, el passad\u00eds de la planta baixa de l&#8217;escola es va omplir de la m\u00e0gia de Disney i els nostres nens i nenes van desfilar al ritme de la batucada dels nostres nois i noies de 6\u00e8. Com a cloenda, el ball amb els nostre estimat Marianet ii la nostra estimada Marianeta i, per a acabar, el dol\u00e7 comiat dels infants d&#8217;I5 al Rei de la festa, la gresca i la disbauxa. Fins l&#8217;any vinent, Rei Carnestoltes! Va ser, mai millor dit, incre\u00efble&#8230;<\/p>\n<p style=\"text-align: center;\"><iframe loading=\"lazy\" src=\"\/\/www.youtube.com\/embed\/P4QBd9-olZM\" width=\"560\" height=\"314\" allowfullscreen=\"allowfullscreen\"><\/iframe><\/p>\n","protected":false},"excerpt":{"rendered":"<p>La pluja no va aconseguir que ens qued\u00e9ssim sense carnaval. Tot i que va ser una ll\u00e0stima que les fam\u00edlies no el pogu\u00e9ssiu gaudir amb nosaltres, el passad\u00eds de la planta baixa de l&#8217;escola es va omplir de la m\u00e0gia de Disney i els nostres&hellip;  <a href=\"https:\/\/agora.xtec.cat\/ceipmarianao\/general\/carnaval-2026\/\" title=\"Read CARNAVAL 2026\">Llegeix m\u00e9s\u00bb<\/a><\/p>\n","protected":false},"author":3,"featured_media":5644,"comment_status":"closed","ping_status":"closed","sticky":false,"template":"","format":"standard","meta":{"_bbp_topic_count":0,"_bbp_reply_count":0,"_bbp_total_topic_count":0,"_bbp_total_reply_count":0,"_bbp_voice_count":0,"_bbp_anonymous_reply_count":0,"_bbp_topic_count_hidden":0,"_bbp_reply_count_hidden":0,"_bbp_forum_subforum_count":0,"footnotes":""},"categories":[1,28,4],"tags":[],"class_list":["post-5643","post","type-post","status-publish","format-standard","has-post-thumbnail","hentry","category-general","category-noticies-portada","category-portada"],"post_mailing_queue_ids":[],"_links":{"self":[{"href":"https:\/\/agora.xtec.cat\/ceipmarianao\/wp-json\/wp\/v2\/posts\/5643","targetHints":{"allow":["GET"]}}],"collection":[{"href":"https:\/\/agora.xtec.cat\/ceipmarianao\/wp-json\/wp\/v2\/posts"}],"about":[{"href":"https:\/\/agora.xtec.cat\/ceipmarianao\/wp-json\/wp\/v2\/types\/post"}],"author":[{"embeddable":true,"href":"https:\/\/agora.xtec.cat\/ceipmarianao\/wp-json\/wp\/v2\/users\/3"}],"replies":[{"embeddable":true,"href":"https:\/\/agora.xtec.cat\/ceipmarianao\/wp-json\/wp\/v2\/comments?post=5643"}],"version-history":[{"count":1,"href":"https:\/\/agora.xtec.cat\/ceipmarianao\/wp-json\/wp\/v2\/posts\/5643\/revisions"}],"predecessor-version":[{"id":5645,"href":"https:\/\/agora.xtec.cat\/ceipmarianao\/wp-json\/wp\/v2\/posts\/5643\/revisions\/5645"}],"wp:featuredmedia":[{"embeddable":true,"href":"https:\/\/agora.xtec.cat\/ceipmarianao\/wp-json\/wp\/v2\/media\/5644"}],"wp:attachment":[{"href":"https:\/\/agora.xtec.cat\/ceipmarianao\/wp-json\/wp\/v2\/media?parent=5643"}],"wp:term":[{"taxonomy":"category","embeddable":true,"href":"https:\/\/agora.xtec.cat\/ceipmarianao\/wp-json\/wp\/v2\/categories?post=5643"},{"taxonomy":"post_tag","embeddable":true,"href":"https:\/\/agora.xtec.cat\/ceipmarianao\/wp-json\/wp\/v2\/tags?post=5643"}],"curies":[{"name":"wp","href":"https:\/\/api.w.org\/{rel}","templated":true}]}}