{"id":5635,"date":"2026-02-11T15:31:15","date_gmt":"2026-02-11T14:31:15","guid":{"rendered":"https:\/\/agora.xtec.cat\/ceipmarianao\/?p=5635"},"modified":"2026-02-11T15:31:15","modified_gmt":"2026-02-11T14:31:15","slug":"suspensio-classes-12-02-2026","status":"publish","type":"post","link":"https:\/\/agora.xtec.cat\/ceipmarianao\/general\/suspensio-classes-12-02-2026\/","title":{"rendered":"Suspensi\u00f3 classes 12-02-2026"},"content":{"rendered":"<p style=\"text-align: justify;\">El Departament d&#8217;Educaci\u00f3 i Formaci\u00f3 Professional, davant la previsi\u00f3 de fortes ventades i seguint les recomanacions de Protecci\u00f3 Civil, ens ha comunicat que se susp\u00e8n l&#8217;activitat lectiva a tot Catalunya aquest dijous, 12 de febrer (Resoluci\u00f3 ISP\/ \/2026, d\u201911 de febrer). L&#8217;escola romandr\u00e0 tancada.<\/p>\n<p style=\"text-align: justify;\">Recomanem molta precauci\u00f3 i seguir les indicacions d&#8217;@emergenciescat.<\/p>\n<p style=\"text-align: justify;\">Us mantindrem informades de qualsevol novetat a mesura que tinguem m\u00e9s indicacions al respecte.<\/p>\n<p style=\"text-align: justify;\">Moltes gr\u00e0cies per la vostra col\u00b7laboraci\u00f3.<\/p>\n<p style=\"text-align: center;\"><a href=\"https:\/\/agora.xtec.cat\/ceipmarianao\/wp-content\/uploads\/usu17\/2026\/02\/OIP.jpg\"><img loading=\"lazy\" decoding=\"async\" class=\"aligncenter  wp-image-5636\" src=\"https:\/\/agora.xtec.cat\/ceipmarianao\/wp-content\/uploads\/usu17\/2026\/02\/OIP-300x157.jpg\" alt=\"\" width=\"501\" height=\"262\" srcset=\"https:\/\/agora.xtec.cat\/ceipmarianao\/wp-content\/uploads\/usu17\/2026\/02\/OIP-300x157.jpg 300w, https:\/\/agora.xtec.cat\/ceipmarianao\/wp-content\/uploads\/usu17\/2026\/02\/OIP.jpg 344w\" sizes=\"auto, (max-width: 501px) 100vw, 501px\" \/><\/a><\/p>\n","protected":false},"excerpt":{"rendered":"<p>El Departament d&#8217;Educaci\u00f3 i Formaci\u00f3 Professional, davant la previsi\u00f3 de fortes ventades i seguint les recomanacions de Protecci\u00f3 Civil, ens ha comunicat que se susp\u00e8n l&#8217;activitat lectiva a tot Catalunya aquest dijous, 12 de febrer (Resoluci\u00f3 ISP\/ \/2026, d\u201911 de febrer). L&#8217;escola romandr\u00e0 tancada.<br \/>\nRecomanem molta&hellip;  <a href=\"https:\/\/agora.xtec.cat\/ceipmarianao\/general\/suspensio-classes-12-02-2026\/\" title=\"Read Suspensi\u00f3 classes 12-02-2026\">Llegeix m\u00e9s\u00bb<\/a><\/p>\n","protected":false},"author":3,"featured_media":0,"comment_status":"closed","ping_status":"closed","sticky":false,"template":"","format":"standard","meta":{"_bbp_topic_count":0,"_bbp_reply_count":0,"_bbp_total_topic_count":0,"_bbp_total_reply_count":0,"_bbp_voice_count":0,"_bbp_anonymous_reply_count":0,"_bbp_topic_count_hidden":0,"_bbp_reply_count_hidden":0,"_bbp_forum_subforum_count":0,"footnotes":""},"categories":[1,28,4],"tags":[],"class_list":["post-5635","post","type-post","status-publish","format-standard","hentry","category-general","category-noticies-portada","category-portada"],"post_mailing_queue_ids":[],"_links":{"self":[{"href":"https:\/\/agora.xtec.cat\/ceipmarianao\/wp-json\/wp\/v2\/posts\/5635","targetHints":{"allow":["GET"]}}],"collection":[{"href":"https:\/\/agora.xtec.cat\/ceipmarianao\/wp-json\/wp\/v2\/posts"}],"about":[{"href":"https:\/\/agora.xtec.cat\/ceipmarianao\/wp-json\/wp\/v2\/types\/post"}],"author":[{"embeddable":true,"href":"https:\/\/agora.xtec.cat\/ceipmarianao\/wp-json\/wp\/v2\/users\/3"}],"replies":[{"embeddable":true,"href":"https:\/\/agora.xtec.cat\/ceipmarianao\/wp-json\/wp\/v2\/comments?post=5635"}],"version-history":[{"count":1,"href":"https:\/\/agora.xtec.cat\/ceipmarianao\/wp-json\/wp\/v2\/posts\/5635\/revisions"}],"predecessor-version":[{"id":5637,"href":"https:\/\/agora.xtec.cat\/ceipmarianao\/wp-json\/wp\/v2\/posts\/5635\/revisions\/5637"}],"wp:attachment":[{"href":"https:\/\/agora.xtec.cat\/ceipmarianao\/wp-json\/wp\/v2\/media?parent=5635"}],"wp:term":[{"taxonomy":"category","embeddable":true,"href":"https:\/\/agora.xtec.cat\/ceipmarianao\/wp-json\/wp\/v2\/categories?post=5635"},{"taxonomy":"post_tag","embeddable":true,"href":"https:\/\/agora.xtec.cat\/ceipmarianao\/wp-json\/wp\/v2\/tags?post=5635"}],"curies":[{"name":"wp","href":"https:\/\/api.w.org\/{rel}","templated":true}]}}