{"id":5604,"date":"2026-01-20T11:50:10","date_gmt":"2026-01-20T10:50:10","guid":{"rendered":"https:\/\/agora.xtec.cat\/ceipmarianao\/?p=5604"},"modified":"2026-01-20T11:50:10","modified_gmt":"2026-01-20T10:50:10","slug":"jornada-de-portes-obertes-i-preinscripcio-2026-2027","status":"publish","type":"post","link":"https:\/\/agora.xtec.cat\/ceipmarianao\/general\/jornada-de-portes-obertes-i-preinscripcio-2026-2027\/","title":{"rendered":"JORNADA DE PORTES OBERTES I PREINSCRIPCI\u00d3 2026-2027"},"content":{"rendered":"<p style=\"text-align: justify;\">Properament, hi afegirem un altre article amb informaci\u00f3 d&#8217;inter\u00e8s relativa a l&#8217;escola i al proc\u00e9s de preinscripci\u00f3 i amb el formulari d&#8217;inscripci\u00f3 per a assistir a la jornada de portes obertes del divendres 27 de febrer.<\/p>\n<p style=\"text-align: center;\"><a href=\"https:\/\/agora.xtec.cat\/ceipmarianao\/wp-content\/uploads\/usu17\/2026\/01\/Triptic-JPO-26-27-portada.png\"><img loading=\"lazy\" decoding=\"async\" class=\"aligncenter  wp-image-5605\" src=\"https:\/\/agora.xtec.cat\/ceipmarianao\/wp-content\/uploads\/usu17\/2026\/01\/Triptic-JPO-26-27-portada-300x212.png\" alt=\"\" width=\"500\" height=\"353\" srcset=\"https:\/\/agora.xtec.cat\/ceipmarianao\/wp-content\/uploads\/usu17\/2026\/01\/Triptic-JPO-26-27-portada-300x212.png 300w, https:\/\/agora.xtec.cat\/ceipmarianao\/wp-content\/uploads\/usu17\/2026\/01\/Triptic-JPO-26-27-portada-1024x725.png 1024w, https:\/\/agora.xtec.cat\/ceipmarianao\/wp-content\/uploads\/usu17\/2026\/01\/Triptic-JPO-26-27-portada-768x543.png 768w, https:\/\/agora.xtec.cat\/ceipmarianao\/wp-content\/uploads\/usu17\/2026\/01\/Triptic-JPO-26-27-portada.png 1125w\" sizes=\"auto, (max-width: 500px) 100vw, 500px\" \/><\/a><\/p>\n","protected":false},"excerpt":{"rendered":"<p>Properament, hi afegirem un altre article amb informaci\u00f3 d&#8217;inter\u00e8s relativa a l&#8217;escola i al proc\u00e9s de preinscripci\u00f3 i amb el formulari d&#8217;inscripci\u00f3 per a assistir a la jornada de portes obertes del divendres 27 de febrer.<br \/>\n<a href=\"https:\/\/agora.xtec.cat\/ceipmarianao\/wp-content\/uploads\/usu17\/2026\/01\/Triptic-JPO-26-27-portada.png\"><\/a><\/p>\n","protected":false},"author":3,"featured_media":0,"comment_status":"closed","ping_status":"open","sticky":false,"template":"","format":"standard","meta":{"_bbp_topic_count":0,"_bbp_reply_count":0,"_bbp_total_topic_count":0,"_bbp_total_reply_count":0,"_bbp_voice_count":0,"_bbp_anonymous_reply_count":0,"_bbp_topic_count_hidden":0,"_bbp_reply_count_hidden":0,"_bbp_forum_subforum_count":0,"footnotes":""},"categories":[1,28,4],"tags":[],"class_list":["post-5604","post","type-post","status-publish","format-standard","hentry","category-general","category-noticies-portada","category-portada"],"post_mailing_queue_ids":[],"_links":{"self":[{"href":"https:\/\/agora.xtec.cat\/ceipmarianao\/wp-json\/wp\/v2\/posts\/5604","targetHints":{"allow":["GET"]}}],"collection":[{"href":"https:\/\/agora.xtec.cat\/ceipmarianao\/wp-json\/wp\/v2\/posts"}],"about":[{"href":"https:\/\/agora.xtec.cat\/ceipmarianao\/wp-json\/wp\/v2\/types\/post"}],"author":[{"embeddable":true,"href":"https:\/\/agora.xtec.cat\/ceipmarianao\/wp-json\/wp\/v2\/users\/3"}],"replies":[{"embeddable":true,"href":"https:\/\/agora.xtec.cat\/ceipmarianao\/wp-json\/wp\/v2\/comments?post=5604"}],"version-history":[{"count":1,"href":"https:\/\/agora.xtec.cat\/ceipmarianao\/wp-json\/wp\/v2\/posts\/5604\/revisions"}],"predecessor-version":[{"id":5606,"href":"https:\/\/agora.xtec.cat\/ceipmarianao\/wp-json\/wp\/v2\/posts\/5604\/revisions\/5606"}],"wp:attachment":[{"href":"https:\/\/agora.xtec.cat\/ceipmarianao\/wp-json\/wp\/v2\/media?parent=5604"}],"wp:term":[{"taxonomy":"category","embeddable":true,"href":"https:\/\/agora.xtec.cat\/ceipmarianao\/wp-json\/wp\/v2\/categories?post=5604"},{"taxonomy":"post_tag","embeddable":true,"href":"https:\/\/agora.xtec.cat\/ceipmarianao\/wp-json\/wp\/v2\/tags?post=5604"}],"curies":[{"name":"wp","href":"https:\/\/api.w.org\/{rel}","templated":true}]}}