{"id":5578,"date":"2025-12-10T11:02:22","date_gmt":"2025-12-10T10:02:22","guid":{"rendered":"https:\/\/agora.xtec.cat\/ceipmarianao\/?p=5578"},"modified":"2025-12-10T11:02:22","modified_gmt":"2025-12-10T10:02:22","slug":"concert-de-nadal-2025","status":"publish","type":"post","link":"https:\/\/agora.xtec.cat\/ceipmarianao\/general\/concert-de-nadal-2025\/","title":{"rendered":"CONCERT DE NADAL 2025"},"content":{"rendered":"<p style=\"text-align: center;\"><a href=\"https:\/\/agora.xtec.cat\/ceipmarianao\/wp-content\/uploads\/usu17\/2025\/12\/PROGRAMA-WEB-1.png\"><img loading=\"lazy\" decoding=\"async\" class=\"aligncenter  wp-image-5581\" src=\"https:\/\/agora.xtec.cat\/ceipmarianao\/wp-content\/uploads\/usu17\/2025\/12\/PROGRAMA-WEB-1-300x212.png\" alt=\"\" width=\"500\" height=\"353\" srcset=\"https:\/\/agora.xtec.cat\/ceipmarianao\/wp-content\/uploads\/usu17\/2025\/12\/PROGRAMA-WEB-1-300x212.png 300w, https:\/\/agora.xtec.cat\/ceipmarianao\/wp-content\/uploads\/usu17\/2025\/12\/PROGRAMA-WEB-1-1024x724.png 1024w, https:\/\/agora.xtec.cat\/ceipmarianao\/wp-content\/uploads\/usu17\/2025\/12\/PROGRAMA-WEB-1-768x543.png 768w, https:\/\/agora.xtec.cat\/ceipmarianao\/wp-content\/uploads\/usu17\/2025\/12\/PROGRAMA-WEB-1.png 1339w\" sizes=\"auto, (max-width: 500px) 100vw, 500px\" \/><\/a><\/p>\n<p style=\"text-align: center;\"><a href=\"https:\/\/agora.xtec.cat\/ceipmarianao\/wp-content\/uploads\/usu17\/2025\/12\/PROGRAMA-WEB-2.png\"><img loading=\"lazy\" decoding=\"async\" class=\"aligncenter  wp-image-5582\" src=\"https:\/\/agora.xtec.cat\/ceipmarianao\/wp-content\/uploads\/usu17\/2025\/12\/PROGRAMA-WEB-2-300x212.png\" alt=\"\" width=\"500\" height=\"353\" srcset=\"https:\/\/agora.xtec.cat\/ceipmarianao\/wp-content\/uploads\/usu17\/2025\/12\/PROGRAMA-WEB-2-300x212.png 300w, https:\/\/agora.xtec.cat\/ceipmarianao\/wp-content\/uploads\/usu17\/2025\/12\/PROGRAMA-WEB-2-1024x722.png 1024w, https:\/\/agora.xtec.cat\/ceipmarianao\/wp-content\/uploads\/usu17\/2025\/12\/PROGRAMA-WEB-2-768x542.png 768w, https:\/\/agora.xtec.cat\/ceipmarianao\/wp-content\/uploads\/usu17\/2025\/12\/PROGRAMA-WEB-2.png 1343w\" sizes=\"auto, (max-width: 500px) 100vw, 500px\" \/><\/a><\/p>\n<p style=\"text-align: justify;\">El concert de Nadal, tant de l&#8217;alumnat d&#8217;Infantil com del de Prim\u00e0ria, se celebrar\u00e0 <strong>el dimecres 17 de desembre de 2025<\/strong>.<\/p>\n<p style=\"text-align: justify;\">Es far\u00e0 a l&#8217;Auditori del Parc Sanitari Sant Joan de D\u00e9u (s\u2019hi accedir\u00e0 pel carrer Pablo Picasso). Els i les alumnes d&#8217;Infantil hi aniran amb autocar i els i les alumnes de Prim\u00e0ria (de 1r a 6\u00e8) hi aniran caminant.<\/p>\n<p style=\"text-align: justify;\">Els infants d\u2019I3, d\u2019I4 i d\u2019I5, i els nois i noies de 6\u00e8 que presenten aquestes actuacions, hauran d\u2019estar a l\u2019escola a les 8:45h per a poder comen\u00e7ar el concert amb puntualitat.<\/p>\n<p style=\"text-align: justify;\">CAP INFANT NO PODR\u00c0 ASSISTIR A UNA ACTUACI\u00d3 DIFERENT A LA SEVA, JA QUE A L&#8217;ESCOLA HI HA PROGRAMADES ALTRES ACTIVITATS.<\/p>\n<p style=\"text-align: justify;\">Les fam\u00edlies que tenen fills o filles a 5\u00e8 o 6\u00e8 i tamb\u00e9 a un altre grup podran recollir els de l\u2019altre grup quan acabi el concert. Els infants estaran a l&#8217;escola atesos per les tutores fins que arribeu a recollir-los.<\/p>\n<p style=\"text-align: justify;\"><a href=\"https:\/\/drive.google.com\/file\/d\/1bfd_7ygbp3YAmzVzKEIgZWoLunjCWh1q\/view?usp=sharing\">Vestuari<\/a><\/p>\n<p style=\"text-align: justify;\"><strong>Desitgem que gaudiu de l\u2019espectacle. Els nens i nenes estan preparant aquesta actuaci\u00f3 amb moltes ganes i molta il\u00b7lusi\u00f3.<\/strong><\/p>\n","protected":false},"excerpt":{"rendered":"<p><a href=\"https:\/\/agora.xtec.cat\/ceipmarianao\/wp-content\/uploads\/usu17\/2025\/12\/PROGRAMA-WEB-1.png\"><\/a><br \/>\n<a href=\"https:\/\/agora.xtec.cat\/ceipmarianao\/wp-content\/uploads\/usu17\/2025\/12\/PROGRAMA-WEB-2.png\"><\/a><br \/>\nEl concert de Nadal, tant de l&#8217;alumnat d&#8217;Infantil com del de Prim\u00e0ria, se celebrar\u00e0 el dimecres 17 de desembre de 2025.<br \/>\nEs far\u00e0 a l&#8217;Auditori del Parc Sanitari Sant Joan de D\u00e9u (s\u2019hi accedir\u00e0 pel carrer Pablo Picasso). Els i les alumnes d&#8217;Infantil hi&hellip;  <a href=\"https:\/\/agora.xtec.cat\/ceipmarianao\/general\/concert-de-nadal-2025\/\" title=\"Read CONCERT DE NADAL 2025\">Llegeix m\u00e9s\u00bb<\/a><\/p>\n","protected":false},"author":3,"featured_media":0,"comment_status":"closed","ping_status":"closed","sticky":false,"template":"","format":"standard","meta":{"_bbp_topic_count":0,"_bbp_reply_count":0,"_bbp_total_topic_count":0,"_bbp_total_reply_count":0,"_bbp_voice_count":0,"_bbp_anonymous_reply_count":0,"_bbp_topic_count_hidden":0,"_bbp_reply_count_hidden":0,"_bbp_forum_subforum_count":0,"footnotes":""},"categories":[1,28,4],"tags":[],"class_list":["post-5578","post","type-post","status-publish","format-standard","hentry","category-general","category-noticies-portada","category-portada"],"post_mailing_queue_ids":[],"_links":{"self":[{"href":"https:\/\/agora.xtec.cat\/ceipmarianao\/wp-json\/wp\/v2\/posts\/5578","targetHints":{"allow":["GET"]}}],"collection":[{"href":"https:\/\/agora.xtec.cat\/ceipmarianao\/wp-json\/wp\/v2\/posts"}],"about":[{"href":"https:\/\/agora.xtec.cat\/ceipmarianao\/wp-json\/wp\/v2\/types\/post"}],"author":[{"embeddable":true,"href":"https:\/\/agora.xtec.cat\/ceipmarianao\/wp-json\/wp\/v2\/users\/3"}],"replies":[{"embeddable":true,"href":"https:\/\/agora.xtec.cat\/ceipmarianao\/wp-json\/wp\/v2\/comments?post=5578"}],"version-history":[{"count":3,"href":"https:\/\/agora.xtec.cat\/ceipmarianao\/wp-json\/wp\/v2\/posts\/5578\/revisions"}],"predecessor-version":[{"id":5583,"href":"https:\/\/agora.xtec.cat\/ceipmarianao\/wp-json\/wp\/v2\/posts\/5578\/revisions\/5583"}],"wp:attachment":[{"href":"https:\/\/agora.xtec.cat\/ceipmarianao\/wp-json\/wp\/v2\/media?parent=5578"}],"wp:term":[{"taxonomy":"category","embeddable":true,"href":"https:\/\/agora.xtec.cat\/ceipmarianao\/wp-json\/wp\/v2\/categories?post=5578"},{"taxonomy":"post_tag","embeddable":true,"href":"https:\/\/agora.xtec.cat\/ceipmarianao\/wp-json\/wp\/v2\/tags?post=5578"}],"curies":[{"name":"wp","href":"https:\/\/api.w.org\/{rel}","templated":true}]}}