{"id":5563,"date":"2025-10-08T13:48:47","date_gmt":"2025-10-08T11:48:47","guid":{"rendered":"https:\/\/agora.xtec.cat\/ceipmarianao\/?p=5563"},"modified":"2025-12-01T14:02:11","modified_gmt":"2025-12-01T13:02:11","slug":"simulacre-devacuacio-en-cas-dincendi-5","status":"publish","type":"post","link":"https:\/\/agora.xtec.cat\/ceipmarianao\/general\/simulacre-devacuacio-en-cas-dincendi-5\/","title":{"rendered":"SIMULACRE D&#8217;EVACUACI\u00d3 EN CAS D&#8217;INCENDI"},"content":{"rendered":"<p style=\"text-align: justify;\">El dimarts 7 d&#8217;octubre, a la tarda, vam fer el simulacre d&#8217;evacuaci\u00f3 en cas d&#8217;incendi. El professorat i l&#8217;alumnat ho van fer for\u00e7a b\u00e9 i van aprendre com actuar en cas que hi hagu\u00e9s una situaci\u00f3 real de risc. Enhorabona!<\/p>\n<p style=\"text-align: center;\"><a href=\"https:\/\/agora.xtec.cat\/ceipmarianao\/wp-content\/uploads\/usu17\/2025\/12\/Captura-de-pantalla-2025-12-01-135751.png\"><img loading=\"lazy\" decoding=\"async\" class=\"aligncenter size-medium wp-image-5564\" src=\"https:\/\/agora.xtec.cat\/ceipmarianao\/wp-content\/uploads\/usu17\/2025\/12\/Captura-de-pantalla-2025-12-01-135751-221x300.png\" alt=\"\" width=\"221\" height=\"300\" srcset=\"https:\/\/agora.xtec.cat\/ceipmarianao\/wp-content\/uploads\/usu17\/2025\/12\/Captura-de-pantalla-2025-12-01-135751-221x300.png 221w, https:\/\/agora.xtec.cat\/ceipmarianao\/wp-content\/uploads\/usu17\/2025\/12\/Captura-de-pantalla-2025-12-01-135751.png 354w\" sizes=\"auto, (max-width: 221px) 100vw, 221px\" \/><\/a><\/p>\n<p style=\"text-align: center;\"><a href=\"https:\/\/agora.xtec.cat\/ceipmarianao\/wp-content\/uploads\/usu17\/2025\/12\/Captura-de-pantalla-2025-12-01-135943.png\"><img loading=\"lazy\" decoding=\"async\" class=\"aligncenter size-medium wp-image-5565\" src=\"https:\/\/agora.xtec.cat\/ceipmarianao\/wp-content\/uploads\/usu17\/2025\/12\/Captura-de-pantalla-2025-12-01-135943-222x300.png\" alt=\"\" width=\"222\" height=\"300\" srcset=\"https:\/\/agora.xtec.cat\/ceipmarianao\/wp-content\/uploads\/usu17\/2025\/12\/Captura-de-pantalla-2025-12-01-135943-222x300.png 222w, https:\/\/agora.xtec.cat\/ceipmarianao\/wp-content\/uploads\/usu17\/2025\/12\/Captura-de-pantalla-2025-12-01-135943.png 364w\" sizes=\"auto, (max-width: 222px) 100vw, 222px\" \/><\/a><\/p>\n","protected":false},"excerpt":{"rendered":"<p>El dimarts 7 d&#8217;octubre, a la tarda, vam fer el simulacre d&#8217;evacuaci\u00f3 en cas d&#8217;incendi. El professorat i l&#8217;alumnat ho van fer for\u00e7a b\u00e9 i van aprendre com actuar en cas que hi hagu\u00e9s una situaci\u00f3 real de risc. Enhorabona!<br \/>\n<a href=\"https:\/\/agora.xtec.cat\/ceipmarianao\/wp-content\/uploads\/usu17\/2025\/12\/Captura-de-pantalla-2025-12-01-135751.png\"><\/a><br \/>\n<a href=\"https:\/\/agora.xtec.cat\/ceipmarianao\/wp-content\/uploads\/usu17\/2025\/12\/Captura-de-pantalla-2025-12-01-135943.png\"><\/a><\/p>\n","protected":false},"author":3,"featured_media":0,"comment_status":"closed","ping_status":"closed","sticky":false,"template":"","format":"standard","meta":{"_bbp_topic_count":0,"_bbp_reply_count":0,"_bbp_total_topic_count":0,"_bbp_total_reply_count":0,"_bbp_voice_count":0,"_bbp_anonymous_reply_count":0,"_bbp_topic_count_hidden":0,"_bbp_reply_count_hidden":0,"_bbp_forum_subforum_count":0,"footnotes":""},"categories":[1,28,4],"tags":[],"class_list":["post-5563","post","type-post","status-publish","format-standard","hentry","category-general","category-noticies-portada","category-portada"],"post_mailing_queue_ids":[],"_links":{"self":[{"href":"https:\/\/agora.xtec.cat\/ceipmarianao\/wp-json\/wp\/v2\/posts\/5563","targetHints":{"allow":["GET"]}}],"collection":[{"href":"https:\/\/agora.xtec.cat\/ceipmarianao\/wp-json\/wp\/v2\/posts"}],"about":[{"href":"https:\/\/agora.xtec.cat\/ceipmarianao\/wp-json\/wp\/v2\/types\/post"}],"author":[{"embeddable":true,"href":"https:\/\/agora.xtec.cat\/ceipmarianao\/wp-json\/wp\/v2\/users\/3"}],"replies":[{"embeddable":true,"href":"https:\/\/agora.xtec.cat\/ceipmarianao\/wp-json\/wp\/v2\/comments?post=5563"}],"version-history":[{"count":4,"href":"https:\/\/agora.xtec.cat\/ceipmarianao\/wp-json\/wp\/v2\/posts\/5563\/revisions"}],"predecessor-version":[{"id":5569,"href":"https:\/\/agora.xtec.cat\/ceipmarianao\/wp-json\/wp\/v2\/posts\/5563\/revisions\/5569"}],"wp:attachment":[{"href":"https:\/\/agora.xtec.cat\/ceipmarianao\/wp-json\/wp\/v2\/media?parent=5563"}],"wp:term":[{"taxonomy":"category","embeddable":true,"href":"https:\/\/agora.xtec.cat\/ceipmarianao\/wp-json\/wp\/v2\/categories?post=5563"},{"taxonomy":"post_tag","embeddable":true,"href":"https:\/\/agora.xtec.cat\/ceipmarianao\/wp-json\/wp\/v2\/tags?post=5563"}],"curies":[{"name":"wp","href":"https:\/\/api.w.org\/{rel}","templated":true}]}}