{"id":5544,"date":"2025-11-21T14:47:26","date_gmt":"2025-11-21T13:47:26","guid":{"rendered":"https:\/\/agora.xtec.cat\/ceipmarianao\/?p=5544"},"modified":"2025-11-24T17:06:53","modified_gmt":"2025-11-24T16:06:53","slug":"santa-cecilia-2025","status":"publish","type":"post","link":"https:\/\/agora.xtec.cat\/ceipmarianao\/general\/santa-cecilia-2025\/","title":{"rendered":"SANTA CEC\u00cdLIA 2025"},"content":{"rendered":"<p style=\"text-align: justify;\">Avui, divendres 21 de novembre, com ja \u00e9s costum a l&#8217;escola, celebrarem Santa Cec\u00edlia, patrona de la m\u00fasica. Un cop preparat l&#8217;escenari i afinats els instruments i les veus, de ben segur que gaudirem d&#8217;un concert on els infants i tots els i les participants es convertiran en grans artistes. Gr\u00e0cies a tots i totes per fer-ho possible!<\/p>\n<p style=\"text-align: justify;\"><a href=\"https:\/\/agora.xtec.cat\/ceipmarianao\/wp-content\/uploads\/usu17\/2025\/11\/Santa-Cecilia-2025-insta-1.png\"><br \/>\n<img loading=\"lazy\" decoding=\"async\" class=\"aligncenter wp-image-5545\" src=\"https:\/\/agora.xtec.cat\/ceipmarianao\/wp-content\/uploads\/usu17\/2025\/11\/Santa-Cecilia-2025-insta-1-240x300.png\" alt=\"\" width=\"500\" height=\"625\" srcset=\"https:\/\/agora.xtec.cat\/ceipmarianao\/wp-content\/uploads\/usu17\/2025\/11\/Santa-Cecilia-2025-insta-1-240x300.png 240w, https:\/\/agora.xtec.cat\/ceipmarianao\/wp-content\/uploads\/usu17\/2025\/11\/Santa-Cecilia-2025-insta-1-819x1024.png 819w, https:\/\/agora.xtec.cat\/ceipmarianao\/wp-content\/uploads\/usu17\/2025\/11\/Santa-Cecilia-2025-insta-1-768x960.png 768w, https:\/\/agora.xtec.cat\/ceipmarianao\/wp-content\/uploads\/usu17\/2025\/11\/Santa-Cecilia-2025-insta-1.png 1080w\" sizes=\"auto, (max-width: 500px) 100vw, 500px\" \/><\/a><\/p>\n<p>I aqu\u00ed teniu el resultat, va ser una tarda ben especial i vam gaudir de valent!<\/p>\n<p style=\"text-align: center;\"><iframe loading=\"lazy\" src=\"\/\/www.youtube.com\/embed\/WzbmTGU31-U\" width=\"560\" height=\"314\" allowfullscreen=\"allowfullscreen\"><\/iframe><\/p>\n","protected":false},"excerpt":{"rendered":"<p>Avui, divendres 21 de novembre, com ja \u00e9s costum a l&#8217;escola, celebrarem Santa Cec\u00edlia, patrona de la m\u00fasica. Un cop preparat l&#8217;escenari i afinats els instruments i les veus, de ben segur que gaudirem d&#8217;un concert on els infants i tots els i les participants&hellip;  <a href=\"https:\/\/agora.xtec.cat\/ceipmarianao\/general\/santa-cecilia-2025\/\" title=\"Read SANTA CEC\u00cdLIA 2025\">Llegeix m\u00e9s\u00bb<\/a><\/p>\n","protected":false},"author":3,"featured_media":0,"comment_status":"closed","ping_status":"closed","sticky":false,"template":"","format":"standard","meta":{"_bbp_topic_count":0,"_bbp_reply_count":0,"_bbp_total_topic_count":0,"_bbp_total_reply_count":0,"_bbp_voice_count":0,"_bbp_anonymous_reply_count":0,"_bbp_topic_count_hidden":0,"_bbp_reply_count_hidden":0,"_bbp_forum_subforum_count":0,"footnotes":""},"categories":[1,28,4],"tags":[],"class_list":["post-5544","post","type-post","status-publish","format-standard","hentry","category-general","category-noticies-portada","category-portada"],"post_mailing_queue_ids":[],"_links":{"self":[{"href":"https:\/\/agora.xtec.cat\/ceipmarianao\/wp-json\/wp\/v2\/posts\/5544","targetHints":{"allow":["GET"]}}],"collection":[{"href":"https:\/\/agora.xtec.cat\/ceipmarianao\/wp-json\/wp\/v2\/posts"}],"about":[{"href":"https:\/\/agora.xtec.cat\/ceipmarianao\/wp-json\/wp\/v2\/types\/post"}],"author":[{"embeddable":true,"href":"https:\/\/agora.xtec.cat\/ceipmarianao\/wp-json\/wp\/v2\/users\/3"}],"replies":[{"embeddable":true,"href":"https:\/\/agora.xtec.cat\/ceipmarianao\/wp-json\/wp\/v2\/comments?post=5544"}],"version-history":[{"count":3,"href":"https:\/\/agora.xtec.cat\/ceipmarianao\/wp-json\/wp\/v2\/posts\/5544\/revisions"}],"predecessor-version":[{"id":5548,"href":"https:\/\/agora.xtec.cat\/ceipmarianao\/wp-json\/wp\/v2\/posts\/5544\/revisions\/5548"}],"wp:attachment":[{"href":"https:\/\/agora.xtec.cat\/ceipmarianao\/wp-json\/wp\/v2\/media?parent=5544"}],"wp:term":[{"taxonomy":"category","embeddable":true,"href":"https:\/\/agora.xtec.cat\/ceipmarianao\/wp-json\/wp\/v2\/categories?post=5544"},{"taxonomy":"post_tag","embeddable":true,"href":"https:\/\/agora.xtec.cat\/ceipmarianao\/wp-json\/wp\/v2\/tags?post=5544"}],"curies":[{"name":"wp","href":"https:\/\/api.w.org\/{rel}","templated":true}]}}