{"id":5528,"date":"2025-10-30T18:51:41","date_gmt":"2025-10-30T17:51:41","guid":{"rendered":"https:\/\/agora.xtec.cat\/ceipmarianao\/?p=5528"},"modified":"2025-11-26T10:24:36","modified_gmt":"2025-11-26T09:24:36","slug":"renovacio-consell-escolar","status":"publish","type":"post","link":"https:\/\/agora.xtec.cat\/ceipmarianao\/general\/renovacio-consell-escolar\/","title":{"rendered":"RENOVACI\u00d3 CONSELL ESCOLAR"},"content":{"rendered":"<p style=\"text-align: center;\"><a href=\"https:\/\/agora.xtec.cat\/ceipmarianao\/wp-content\/uploads\/usu17\/2025\/10\/OIP.jpg\"><img loading=\"lazy\" decoding=\"async\" class=\"aligncenter size-medium wp-image-5529\" src=\"https:\/\/agora.xtec.cat\/ceipmarianao\/wp-content\/uploads\/usu17\/2025\/10\/OIP-300x169.jpg\" alt=\"\" width=\"300\" height=\"169\" srcset=\"https:\/\/agora.xtec.cat\/ceipmarianao\/wp-content\/uploads\/usu17\/2025\/10\/OIP-300x169.jpg 300w, https:\/\/agora.xtec.cat\/ceipmarianao\/wp-content\/uploads\/usu17\/2025\/10\/OIP.jpg 320w\" sizes=\"auto, (max-width: 300px) 100vw, 300px\" \/><\/a><\/p>\n<p style=\"text-align: justify;\">En data 30 de juny es va publicar la Resoluci\u00f3 EDF\/2520\/2025, per la qual s&#8217;estableix el calendari i el r\u00e8gim del proc\u00e9s electoral per a renovar els membres dels consells escolars dels centres p\u00fablics i privats sostinguts amb fons p\u00fablics.<\/p>\n<p style=\"text-align: justify;\">\u00c9s per aquest motiu que us comuniquem que en data 28 d&#8217;octubre s&#8217;obre el proc\u00e9s de renovaci\u00f3 de part dels i de les representants de dos dels sectors del Consell Escolar: pares i mares i mestres. Aqu\u00ed teniu el <a href=\"https:\/\/drive.google.com\/file\/d\/1M0aCEh1s1NVnTJaJskGWUGJYnZYxtt42\/view?usp=sharing\">calendari<\/a> i les <a href=\"https:\/\/drive.google.com\/file\/d\/1kngAuRn6jRQNbRoojNWa0-D5yMRo6D0c\/view?usp=drive_link\">vacants<\/a> a cobrir.<\/p>\n<p style=\"text-align: justify;\">Com ja sabeu, el Consell Escolar \u00e9s l&#8217;\u00f2rgan col\u00b7legiat de participaci\u00f3 de la comunitat escolar en el govern del centre. Est\u00e0 compost pel sector nat: la directora, la cap d&#8217;estudis i el secretari (que exerceix de secretari del Consell, t\u00e9 veu, per\u00f2 no vot), una representant del sector PAS i una representant de l&#8217;Ajuntament; el sector mestres: cinc representants; i el sector pares i mares: cinc representants (dels quals una hi representa l&#8217;AFA).<\/p>\n<p style=\"text-align: justify;\">Podeu presentar la vostra <a href=\"https:\/\/drive.google.com\/file\/d\/15CLheS39aYKYXEh2MjWzfWJXXVmOzGQo\/view?usp=drive_link\">candidatura<\/a> des del dimarts 28 d&#8217;octubre i fins al divendres 14 de novembre (el full tamb\u00e9 us el podrem facilitar a secretaria o direcci\u00f3).<\/p>\n<p style=\"text-align: justify;\">Als taulers que hi ha als accessos al centre (c.Xiprers i p. Mimoses) i al suro que hi ha a l&#8217;edifici de direcci\u00f3 estan penjades les llistes del cens electoral. Si us plau, comproveu-les i, si escau, presenteu reclamaci\u00f3 abans del dimecres 5 de novembre.<\/p>\n<p style=\"text-align: justify;\">El dia de les votacions del sector pares i mares ser\u00e0 el dimecres 19 de novembre, a les entrades i a les sortides. Si alg\u00fa en vol actuar com a supervisor haur\u00e0 de presentar <a href=\"https:\/\/drive.google.com\/file\/d\/1HZDXY_KG2NvKNTpJwRiKJmUA1N7OObqE\/view?usp=drive_link\">sol\u00b7licitud<\/a> (el full tamb\u00e9 us el podrem facilitar a secretaria o direcci\u00f3) abans del dimarts 18 de novembre.<\/p>\n<p style=\"text-align: justify;\">Donem la benvinguda a la Mireia Hern\u00e1ndez Garc\u00eda, mare de la Paula Garc\u00eda Hern\u00e1ndez, d&#8217;I3, la Beatriz Morillas Puentes, mare del Marc i de la June Caro Morillas, de 5\u00e8 i de 1r, respectivament, i el Jos\u00e9 M\u00aa V\u00e1zquez Moreno, pare del Biel i del Marc V\u00e1zquez Ari\u00f1o, de 5\u00e8 i de 2n, respectivament.<\/p>\n<p style=\"text-align: justify;\">Aprofitem l&#8217;avinentesa per a agrair el comprom\u00eds i la dedicaci\u00f3, durant els 4 anys de representaci\u00f3 al Consell Escolar, a l&#8217;Alba Delcl\u00f2s Miret, mare de l&#8217;Aniol Morera Delcl\u00f2s, de 3rA, i al Carles Edo Mart\u00ednez, pare de la Ivet i la J\u00falia Edo Gonz\u00e1lez, de 4t i de 2n, respectivament, aix\u00ed com a la Maite Morato Alcalde, mare de la Martina Arcos Morato, de 5\u00e8, per la seva dedicaci\u00f3 durant els \u00faltims dos anys.<\/p>\n<p style=\"text-align: justify;\"><a href=\"https:\/\/drive.google.com\/file\/d\/1PyhBMCI-iTmEtKhxsAWdTMsJDWyvBztM\/view?usp=sharing\">Aqu\u00ed<\/a> teniu el resultat de la votaci\u00f3. Tamb\u00e9 el podeu consultar als taulers d&#8217;anuncis d&#8217;acc\u00e9s a l&#8217;escola.<\/p>\n","protected":false},"excerpt":{"rendered":"<p><a href=\"https:\/\/agora.xtec.cat\/ceipmarianao\/wp-content\/uploads\/usu17\/2025\/10\/OIP.jpg\"><\/a><br \/>\nEn data 30 de juny es va publicar la Resoluci\u00f3 EDF\/2520\/2025, per la qual s&#8217;estableix el calendari i el r\u00e8gim del proc\u00e9s electoral per a renovar els membres dels consells escolars dels centres p\u00fablics i privats sostinguts amb fons p\u00fablics.<br \/>\n\u00c9s per aquest motiu que&hellip;  <a href=\"https:\/\/agora.xtec.cat\/ceipmarianao\/general\/renovacio-consell-escolar\/\" title=\"Read RENOVACI\u00d3 CONSELL ESCOLAR\">Llegeix m\u00e9s\u00bb<\/a><\/p>\n","protected":false},"author":3,"featured_media":0,"comment_status":"closed","ping_status":"closed","sticky":false,"template":"","format":"standard","meta":{"_bbp_topic_count":0,"_bbp_reply_count":0,"_bbp_total_topic_count":0,"_bbp_total_reply_count":0,"_bbp_voice_count":0,"_bbp_anonymous_reply_count":0,"_bbp_topic_count_hidden":0,"_bbp_reply_count_hidden":0,"_bbp_forum_subforum_count":0,"footnotes":""},"categories":[1,28,4],"tags":[],"class_list":["post-5528","post","type-post","status-publish","format-standard","hentry","category-general","category-noticies-portada","category-portada"],"post_mailing_queue_ids":[],"_links":{"self":[{"href":"https:\/\/agora.xtec.cat\/ceipmarianao\/wp-json\/wp\/v2\/posts\/5528","targetHints":{"allow":["GET"]}}],"collection":[{"href":"https:\/\/agora.xtec.cat\/ceipmarianao\/wp-json\/wp\/v2\/posts"}],"about":[{"href":"https:\/\/agora.xtec.cat\/ceipmarianao\/wp-json\/wp\/v2\/types\/post"}],"author":[{"embeddable":true,"href":"https:\/\/agora.xtec.cat\/ceipmarianao\/wp-json\/wp\/v2\/users\/3"}],"replies":[{"embeddable":true,"href":"https:\/\/agora.xtec.cat\/ceipmarianao\/wp-json\/wp\/v2\/comments?post=5528"}],"version-history":[{"count":6,"href":"https:\/\/agora.xtec.cat\/ceipmarianao\/wp-json\/wp\/v2\/posts\/5528\/revisions"}],"predecessor-version":[{"id":5558,"href":"https:\/\/agora.xtec.cat\/ceipmarianao\/wp-json\/wp\/v2\/posts\/5528\/revisions\/5558"}],"wp:attachment":[{"href":"https:\/\/agora.xtec.cat\/ceipmarianao\/wp-json\/wp\/v2\/media?parent=5528"}],"wp:term":[{"taxonomy":"category","embeddable":true,"href":"https:\/\/agora.xtec.cat\/ceipmarianao\/wp-json\/wp\/v2\/categories?post=5528"},{"taxonomy":"post_tag","embeddable":true,"href":"https:\/\/agora.xtec.cat\/ceipmarianao\/wp-json\/wp\/v2\/tags?post=5528"}],"curies":[{"name":"wp","href":"https:\/\/api.w.org\/{rel}","templated":true}]}}