{"id":5522,"date":"2025-10-31T16:21:45","date_gmt":"2025-10-31T15:21:45","guid":{"rendered":"https:\/\/agora.xtec.cat\/ceipmarianao\/?p=5522"},"modified":"2025-10-31T16:21:45","modified_gmt":"2025-10-31T15:21:45","slug":"castanyada-i-halloween-2025","status":"publish","type":"post","link":"https:\/\/agora.xtec.cat\/ceipmarianao\/general\/castanyada-i-halloween-2025\/","title":{"rendered":"CASTANYADA I HALLOWEEN 2025"},"content":{"rendered":"<p style=\"text-align: justify;\">El dijous 30 d\u2019octubre els infants van fer manualitats per a decorar l&#8217;aula, el passad\u00eds i la pista del pati per a, a la tarda, acabar celebrant aquesta festa amb les ja tradicionals danses a Educaci\u00f3 Infantil, Cicle Inicial i Cicle Mitj\u00e0 i amb els ja tamb\u00e9 tradicionals balls de Halloween a Cicle Superior. A m\u00e9s, es van emportar una paperina amb castanyes ben torradetes que els va preparar la Mari, la nostra cuinera. S&#8217;ho van passar d&#8217;all\u00f2 m\u00e9s b\u00e9! Mireu, mireu&#8230;<\/p>\n<p style=\"text-align: center;\"><iframe loading=\"lazy\" src=\"\/\/www.youtube.com\/embed\/ABBaghGZTrI\" width=\"560\" height=\"314\" allowfullscreen=\"allowfullscreen\"><\/iframe><\/p>\n<p>&nbsp;<\/p>\n","protected":false},"excerpt":{"rendered":"<p>El dijous 30 d\u2019octubre els infants van fer manualitats per a decorar l&#8217;aula, el passad\u00eds i la pista del pati per a, a la tarda, acabar celebrant aquesta festa amb les ja tradicionals danses a Educaci\u00f3 Infantil, Cicle Inicial i Cicle Mitj\u00e0 i amb els&hellip;  <a href=\"https:\/\/agora.xtec.cat\/ceipmarianao\/general\/castanyada-i-halloween-2025\/\" title=\"Read CASTANYADA I HALLOWEEN 2025\">Llegeix m\u00e9s\u00bb<\/a><\/p>\n","protected":false},"author":7,"featured_media":5526,"comment_status":"closed","ping_status":"closed","sticky":false,"template":"","format":"standard","meta":{"_bbp_topic_count":0,"_bbp_reply_count":0,"_bbp_total_topic_count":0,"_bbp_total_reply_count":0,"_bbp_voice_count":0,"_bbp_anonymous_reply_count":0,"_bbp_topic_count_hidden":0,"_bbp_reply_count_hidden":0,"_bbp_forum_subforum_count":0,"footnotes":""},"categories":[1,28,4],"tags":[],"class_list":["post-5522","post","type-post","status-publish","format-standard","has-post-thumbnail","hentry","category-general","category-noticies-portada","category-portada"],"post_mailing_queue_ids":[],"_links":{"self":[{"href":"https:\/\/agora.xtec.cat\/ceipmarianao\/wp-json\/wp\/v2\/posts\/5522","targetHints":{"allow":["GET"]}}],"collection":[{"href":"https:\/\/agora.xtec.cat\/ceipmarianao\/wp-json\/wp\/v2\/posts"}],"about":[{"href":"https:\/\/agora.xtec.cat\/ceipmarianao\/wp-json\/wp\/v2\/types\/post"}],"author":[{"embeddable":true,"href":"https:\/\/agora.xtec.cat\/ceipmarianao\/wp-json\/wp\/v2\/users\/7"}],"replies":[{"embeddable":true,"href":"https:\/\/agora.xtec.cat\/ceipmarianao\/wp-json\/wp\/v2\/comments?post=5522"}],"version-history":[{"count":4,"href":"https:\/\/agora.xtec.cat\/ceipmarianao\/wp-json\/wp\/v2\/posts\/5522\/revisions"}],"predecessor-version":[{"id":5527,"href":"https:\/\/agora.xtec.cat\/ceipmarianao\/wp-json\/wp\/v2\/posts\/5522\/revisions\/5527"}],"wp:featuredmedia":[{"embeddable":true,"href":"https:\/\/agora.xtec.cat\/ceipmarianao\/wp-json\/wp\/v2\/media\/5526"}],"wp:attachment":[{"href":"https:\/\/agora.xtec.cat\/ceipmarianao\/wp-json\/wp\/v2\/media?parent=5522"}],"wp:term":[{"taxonomy":"category","embeddable":true,"href":"https:\/\/agora.xtec.cat\/ceipmarianao\/wp-json\/wp\/v2\/categories?post=5522"},{"taxonomy":"post_tag","embeddable":true,"href":"https:\/\/agora.xtec.cat\/ceipmarianao\/wp-json\/wp\/v2\/tags?post=5522"}],"curies":[{"name":"wp","href":"https:\/\/api.w.org\/{rel}","templated":true}]}}