{"id":5401,"date":"2025-07-14T10:41:59","date_gmt":"2025-07-14T08:41:59","guid":{"rendered":"https:\/\/agora.xtec.cat\/ceipmarianao\/?p=5401"},"modified":"2025-08-21T16:52:53","modified_gmt":"2025-08-21T14:52:53","slug":"informacio-dinteres-inici-de-curs-2025-2026","status":"publish","type":"post","link":"https:\/\/agora.xtec.cat\/ceipmarianao\/general\/informacio-dinteres-inici-de-curs-2025-2026\/","title":{"rendered":"INFORMACI\u00d3 D&#8217;INTER\u00c8S INICI DE CURS 2025-2026"},"content":{"rendered":"<p style=\"text-align: justify;\">Aspectes d&#8217;inter\u00e8s a tenir en compte per a l\u2019inici del curs vinent:<\/p>\n<p style=\"text-align: justify;\">-El dilluns 8 de setembre comen\u00e7ar\u00e0 el nou curs escolar 2025-2026.<\/p>\n<p style=\"text-align: justify;\">-L&#8217;horari lectiu ser\u00e0: de 9:00h a 12:30h i de 15:00h a 16:30h.<\/p>\n<p style=\"text-align: justify;\">-Els infants d&#8217;I3, els tres primers dies lectius, faran una adaptaci\u00f3 progressiva al centre.<\/p>\n<p style=\"text-align: justify;\">-Les fam\u00edlies que vulguin fer \u00fas del servei de menjador des del primer dia (de 12:30h a 15:00h) hauran de comunicar-ho al tutor o tutora corresponent mitjan\u00e7ant una nota escrita i informar a la coordinadora del servei de menjador mitjan\u00e7ant trucada telef\u00f2nica o WhatsApp al n\u00famero de tel\u00e8fon 675612712 (pr\u00e8viament s\u2019haur\u00e0 d\u2019haver fer la inscripci\u00f3 al servei emplenant la sol\u00b7licitud, signant-la digitalment i enviant-la per correu a l\u2019adre\u00e7a <a href=\"mailto:menjadormarianaosantboi@gmail.com\">menjadormarianaosantboi@gmail.com<\/a> o portant-la signada en paper a l\u2019escola).<\/p>\n<p style=\"text-align: justify;\">-Els i les alumnes d&#8217;Educaci\u00f3 Infantil accediran a l&#8217;escola per les portes situades al Passeig de les Mimoses. Als nens i nenes que comencen I4 i I5 els estaran esperant les tutores del curs passat. Si tenen germans o germanes a Prim\u00e0ria hi podran accedir per aquesta porta. Tamb\u00e9 podran sortir-hi, pr\u00e8via <a href=\"https:\/\/drive.google.com\/file\/d\/156onyTyjY09eSxa1rtEKw_zSFBO2n-bB\/view?usp=sharing\">autoritzaci\u00f3<\/a>.<\/p>\n<p style=\"text-align: justify;\">-L&#8217;alumnat d&#8217;Educaci\u00f3 Prim\u00e0ria accedir\u00e0 al centre per la porta del carrer Xiprers. El dilluns 8 al mat\u00ed, els infants que cursaran 1r entraran per la porta d\u2019Infantil (els estar\u00e0 esperant una mestra del curs passat per a acompanyar-los a la nova aula). A partir del dilluns 8 al migdia sortiran per la porta de Prim\u00e0ria.<\/p>\n<p style=\"text-align: justify;\">-Els infants nous hauran de venir a secretaria o direcci\u00f3 i els acompanyarem a les seves aules.<\/p>\n<p style=\"text-align: justify;\">-Durant els primers dies s&#8217;hauran de portar els llibres de text, sense marcar, a una bossa de pl\u00e0stic marcada amb el nom i cognoms del nen o nena (Prim\u00e0ria).<\/p>\n<p style=\"text-align: justify;\">-A comen\u00e7ament de setembre us farem arribar una circular amb aspectes d\u2019inter\u00e8s per a l\u2019organitzaci\u00f3 i el funcionament del centre i un plec d&#8217;autoritzacions (<a href=\"https:\/\/drive.google.com\/file\/d\/156onyTyjY09eSxa1rtEKw_zSFBO2n-bB\/view?usp=sharing\">autoritzacions sortida i recollida<\/a> i <a href=\"https:\/\/drive.google.com\/file\/d\/1JSUYfSEZqPxxhhCIVlZjyIll663HgeFQ\/view?usp=sharing\">autoritzaci\u00f3 administraci\u00f3 medicaments<\/a>).<\/p>\n<p style=\"text-align: justify;\">&#8211;<a href=\"https:\/\/drive.google.com\/file\/d\/1ng1vOem-thvCipID5hZZSMDqH_0WtrWF\/view?usp=sharing\">Material escolar I3<\/a><\/p>\n<p style=\"text-align: justify;\">&#8211;<a href=\"https:\/\/drive.google.com\/file\/d\/1ppyVoyOpzTOSse6i1pvEiEAbUgO1RDsg\/view?usp=sharing\">Material escolar I4 i I5<\/a><\/p>\n<p style=\"text-align: justify;\">&#8211;<a href=\"https:\/\/drive.google.com\/file\/d\/1Tb2bHJMsfv1ZgOIwKhA3g7RR-eJau4pz\/view?usp=sharing\">Material escolar Prim\u00e0ria<\/a><\/p>\n<p style=\"text-align: center;\"><a href=\"https:\/\/agora.xtec.cat\/ceipmarianao\/wp-content\/uploads\/usu17\/2025\/07\/utiles-escolares-sobre-fondo-blanco-de-madera-scaled.jpg\"><img loading=\"lazy\" decoding=\"async\" class=\"aligncenter wp-image-5403\" src=\"https:\/\/agora.xtec.cat\/ceipmarianao\/wp-content\/uploads\/usu17\/2025\/07\/utiles-escolares-sobre-fondo-blanco-de-madera-300x200.jpg\" alt=\"\" width=\"500\" height=\"333\" srcset=\"https:\/\/agora.xtec.cat\/ceipmarianao\/wp-content\/uploads\/usu17\/2025\/07\/utiles-escolares-sobre-fondo-blanco-de-madera-300x200.jpg 300w, https:\/\/agora.xtec.cat\/ceipmarianao\/wp-content\/uploads\/usu17\/2025\/07\/utiles-escolares-sobre-fondo-blanco-de-madera-1024x683.jpg 1024w, https:\/\/agora.xtec.cat\/ceipmarianao\/wp-content\/uploads\/usu17\/2025\/07\/utiles-escolares-sobre-fondo-blanco-de-madera-768x512.jpg 768w, https:\/\/agora.xtec.cat\/ceipmarianao\/wp-content\/uploads\/usu17\/2025\/07\/utiles-escolares-sobre-fondo-blanco-de-madera-1536x1024.jpg 1536w, https:\/\/agora.xtec.cat\/ceipmarianao\/wp-content\/uploads\/usu17\/2025\/07\/utiles-escolares-sobre-fondo-blanco-de-madera-2048x1365.jpg 2048w\" sizes=\"auto, (max-width: 500px) 100vw, 500px\" \/><\/a><\/p>\n","protected":false},"excerpt":{"rendered":"<p>Aspectes d&#8217;inter\u00e8s a tenir en compte per a l\u2019inici del curs vinent:<br \/>\n-El dilluns 8 de setembre comen\u00e7ar\u00e0 el nou curs escolar 2025-2026.<br \/>\n-L&#8217;horari lectiu ser\u00e0: de 9:00h a 12:30h i de 15:00h a 16:30h.<br \/>\n-Els infants d&#8217;I3, els tres primers dies lectius, faran una adaptaci\u00f3 progressiva al&hellip;  <a href=\"https:\/\/agora.xtec.cat\/ceipmarianao\/general\/informacio-dinteres-inici-de-curs-2025-2026\/\" title=\"Read INFORMACI\u00d3 D&#8217;INTER\u00c8S INICI DE CURS 2025-2026\">Llegeix m\u00e9s\u00bb<\/a><\/p>\n","protected":false},"author":3,"featured_media":0,"comment_status":"closed","ping_status":"closed","sticky":false,"template":"","format":"standard","meta":{"_bbp_topic_count":0,"_bbp_reply_count":0,"_bbp_total_topic_count":0,"_bbp_total_reply_count":0,"_bbp_voice_count":0,"_bbp_anonymous_reply_count":0,"_bbp_topic_count_hidden":0,"_bbp_reply_count_hidden":0,"_bbp_forum_subforum_count":0,"footnotes":""},"categories":[1,28,4],"tags":[],"class_list":["post-5401","post","type-post","status-publish","format-standard","hentry","category-general","category-noticies-portada","category-portada"],"post_mailing_queue_ids":[],"_links":{"self":[{"href":"https:\/\/agora.xtec.cat\/ceipmarianao\/wp-json\/wp\/v2\/posts\/5401","targetHints":{"allow":["GET"]}}],"collection":[{"href":"https:\/\/agora.xtec.cat\/ceipmarianao\/wp-json\/wp\/v2\/posts"}],"about":[{"href":"https:\/\/agora.xtec.cat\/ceipmarianao\/wp-json\/wp\/v2\/types\/post"}],"author":[{"embeddable":true,"href":"https:\/\/agora.xtec.cat\/ceipmarianao\/wp-json\/wp\/v2\/users\/3"}],"replies":[{"embeddable":true,"href":"https:\/\/agora.xtec.cat\/ceipmarianao\/wp-json\/wp\/v2\/comments?post=5401"}],"version-history":[{"count":5,"href":"https:\/\/agora.xtec.cat\/ceipmarianao\/wp-json\/wp\/v2\/posts\/5401\/revisions"}],"predecessor-version":[{"id":5419,"href":"https:\/\/agora.xtec.cat\/ceipmarianao\/wp-json\/wp\/v2\/posts\/5401\/revisions\/5419"}],"wp:attachment":[{"href":"https:\/\/agora.xtec.cat\/ceipmarianao\/wp-json\/wp\/v2\/media?parent=5401"}],"wp:term":[{"taxonomy":"category","embeddable":true,"href":"https:\/\/agora.xtec.cat\/ceipmarianao\/wp-json\/wp\/v2\/categories?post=5401"},{"taxonomy":"post_tag","embeddable":true,"href":"https:\/\/agora.xtec.cat\/ceipmarianao\/wp-json\/wp\/v2\/tags?post=5401"}],"curies":[{"name":"wp","href":"https:\/\/api.w.org\/{rel}","templated":true}]}}