{"id":5397,"date":"2025-06-20T10:38:34","date_gmt":"2025-06-20T08:38:34","guid":{"rendered":"https:\/\/agora.xtec.cat\/ceipmarianao\/?p=5397"},"modified":"2025-06-20T10:38:34","modified_gmt":"2025-06-20T08:38:34","slug":"celebracio-50e-aniversari-escola-marianao-2","status":"publish","type":"post","link":"https:\/\/agora.xtec.cat\/ceipmarianao\/general\/celebracio-50e-aniversari-escola-marianao-2\/","title":{"rendered":"CELEBRACI\u00d3 50\u00e8 ANIVERSARI ESCOLA MARIANAO"},"content":{"rendered":"<p style=\"text-align: justify;\">I va arribar el divendres 13 de juny&#8230; Alumnes, exalumnes, familiars, exfamiliars, treballadors i treballadores, extreballadors i extreballadores, mestres, exmestres, representants de l&#8217;Ajuntament, representants del Departament d&#8217;Educaci\u00f3 de la Generalitat de Catalunya, persones d&#8217;entitats del nostre entorn proper i totes aquelles que s&#8217;hi van sumar, gr\u00e0cies i mil cops gr\u00e0cies per haver-nos acompanyat durant aquests 50 anys d&#8217;hist\u00f2ria i el dia de la seva celebraci\u00f3. Sempre sereu i serem Marianets i Marianetes, ja que el Marianao ocupar\u00e0 un lloc especial als nostres cors. Ara m\u00e9s que mai: junts tot \u00e9s possible!<\/p>\n<p style=\"text-align: center;\"><a href=\"https:\/\/agora.xtec.cat\/ceipmarianao\/wp-content\/uploads\/usu17\/2025\/06\/50e-web.jpg\"><img loading=\"lazy\" decoding=\"async\" class=\"aligncenter  wp-image-5398\" src=\"https:\/\/agora.xtec.cat\/ceipmarianao\/wp-content\/uploads\/usu17\/2025\/06\/50e-web-300x240.jpg\" alt=\"\" width=\"600\" height=\"480\" srcset=\"https:\/\/agora.xtec.cat\/ceipmarianao\/wp-content\/uploads\/usu17\/2025\/06\/50e-web-300x240.jpg 300w, https:\/\/agora.xtec.cat\/ceipmarianao\/wp-content\/uploads\/usu17\/2025\/06\/50e-web-768x614.jpg 768w, https:\/\/agora.xtec.cat\/ceipmarianao\/wp-content\/uploads\/usu17\/2025\/06\/50e-web.jpg 1000w\" sizes=\"auto, (max-width: 600px) 100vw, 600px\" \/><\/a><\/p>\n","protected":false},"excerpt":{"rendered":"<p>I va arribar el divendres 13 de juny&#8230; Alumnes, exalumnes, familiars, exfamiliars, treballadors i treballadores, extreballadors i extreballadores, mestres, exmestres, representants de l&#8217;Ajuntament, representants del Departament d&#8217;Educaci\u00f3 de la Generalitat de Catalunya, persones d&#8217;entitats del nostre entorn proper i totes aquelles que s&#8217;hi van sumar,&hellip;  <a href=\"https:\/\/agora.xtec.cat\/ceipmarianao\/general\/celebracio-50e-aniversari-escola-marianao-2\/\" title=\"Read CELEBRACI\u00d3 50\u00e8 ANIVERSARI ESCOLA MARIANAO\">Llegeix m\u00e9s\u00bb<\/a><\/p>\n","protected":false},"author":3,"featured_media":0,"comment_status":"closed","ping_status":"closed","sticky":false,"template":"","format":"standard","meta":{"_bbp_topic_count":0,"_bbp_reply_count":0,"_bbp_total_topic_count":0,"_bbp_total_reply_count":0,"_bbp_voice_count":0,"_bbp_anonymous_reply_count":0,"_bbp_topic_count_hidden":0,"_bbp_reply_count_hidden":0,"_bbp_forum_subforum_count":0,"footnotes":""},"categories":[1,28,4],"tags":[],"class_list":["post-5397","post","type-post","status-publish","format-standard","hentry","category-general","category-noticies-portada","category-portada"],"post_mailing_queue_ids":[],"_links":{"self":[{"href":"https:\/\/agora.xtec.cat\/ceipmarianao\/wp-json\/wp\/v2\/posts\/5397","targetHints":{"allow":["GET"]}}],"collection":[{"href":"https:\/\/agora.xtec.cat\/ceipmarianao\/wp-json\/wp\/v2\/posts"}],"about":[{"href":"https:\/\/agora.xtec.cat\/ceipmarianao\/wp-json\/wp\/v2\/types\/post"}],"author":[{"embeddable":true,"href":"https:\/\/agora.xtec.cat\/ceipmarianao\/wp-json\/wp\/v2\/users\/3"}],"replies":[{"embeddable":true,"href":"https:\/\/agora.xtec.cat\/ceipmarianao\/wp-json\/wp\/v2\/comments?post=5397"}],"version-history":[{"count":1,"href":"https:\/\/agora.xtec.cat\/ceipmarianao\/wp-json\/wp\/v2\/posts\/5397\/revisions"}],"predecessor-version":[{"id":5399,"href":"https:\/\/agora.xtec.cat\/ceipmarianao\/wp-json\/wp\/v2\/posts\/5397\/revisions\/5399"}],"wp:attachment":[{"href":"https:\/\/agora.xtec.cat\/ceipmarianao\/wp-json\/wp\/v2\/media?parent=5397"}],"wp:term":[{"taxonomy":"category","embeddable":true,"href":"https:\/\/agora.xtec.cat\/ceipmarianao\/wp-json\/wp\/v2\/categories?post=5397"},{"taxonomy":"post_tag","embeddable":true,"href":"https:\/\/agora.xtec.cat\/ceipmarianao\/wp-json\/wp\/v2\/tags?post=5397"}],"curies":[{"name":"wp","href":"https:\/\/api.w.org\/{rel}","templated":true}]}}