{"id":5388,"date":"2025-06-13T13:03:27","date_gmt":"2025-06-13T11:03:27","guid":{"rendered":"https:\/\/agora.xtec.cat\/ceipmarianao\/?p=5388"},"modified":"2025-06-16T09:51:00","modified_gmt":"2025-06-16T07:51:00","slug":"exposicio-50e-aniversari-escola-marianao","status":"publish","type":"post","link":"https:\/\/agora.xtec.cat\/ceipmarianao\/general\/exposicio-50e-aniversari-escola-marianao\/","title":{"rendered":"EXPOSICI\u00d3 50\u00e8 ANIVERSARI ESCOLA MARIANAO"},"content":{"rendered":"<p style=\"text-align: justify;\">Des del dimecres 11 de juny, i fins al divendres 20 de juny, de 8h a 20h, al Casal de Barri l&#8217;Olivera, podreu gaudir de l&#8217;exposici\u00f3 que s&#8217;ha organitzat amb motiu del 50\u00e8 aniversari de la nostra escola. No us la perdeu i seguiu escrivint la hist\u00f2ria de l&#8217;Escola Marianao amb nosaltres!<\/p>\n<p style=\"text-align: center;\"><iframe loading=\"lazy\" src=\"\/\/www.youtube.com\/embed\/2YJWa3FJlcs\" width=\"560\" height=\"314\" allowfullscreen=\"allowfullscreen\"><\/iframe><\/p>\n<p style=\"text-align: justify;\">Tamb\u00e9 podreu gaudir d&#8217;aquest v\u00eddeo, que segur que us porta a temps passats i us fa recordar emotivament all\u00f2 viscut en algun moment dels 50 anys de recorregut del nostre centre.<\/p>\n<p style=\"text-align: center;\"><iframe loading=\"lazy\" src=\"\/\/www.youtube.com\/embed\/lqZwrveHCws\" width=\"560\" height=\"314\" allowfullscreen=\"allowfullscreen\"><\/iframe><\/p>\n","protected":false},"excerpt":{"rendered":"<p>Des del dimecres 11 de juny, i fins al divendres 20 de juny, de 8h a 20h, al Casal de Barri l&#8217;Olivera, podreu gaudir de l&#8217;exposici\u00f3 que s&#8217;ha organitzat amb motiu del 50\u00e8 aniversari de la nostra escola. No us la perdeu i seguiu escrivint&hellip;  <a href=\"https:\/\/agora.xtec.cat\/ceipmarianao\/general\/exposicio-50e-aniversari-escola-marianao\/\" title=\"Read EXPOSICI\u00d3 50\u00e8 ANIVERSARI ESCOLA MARIANAO\">Llegeix m\u00e9s\u00bb<\/a><\/p>\n","protected":false},"author":3,"featured_media":5390,"comment_status":"closed","ping_status":"closed","sticky":false,"template":"","format":"standard","meta":{"_bbp_topic_count":0,"_bbp_reply_count":0,"_bbp_total_topic_count":0,"_bbp_total_reply_count":0,"_bbp_voice_count":0,"_bbp_anonymous_reply_count":0,"_bbp_topic_count_hidden":0,"_bbp_reply_count_hidden":0,"_bbp_forum_subforum_count":0,"footnotes":""},"categories":[1,28,4],"tags":[],"class_list":["post-5388","post","type-post","status-publish","format-standard","has-post-thumbnail","hentry","category-general","category-noticies-portada","category-portada"],"post_mailing_queue_ids":[],"_links":{"self":[{"href":"https:\/\/agora.xtec.cat\/ceipmarianao\/wp-json\/wp\/v2\/posts\/5388","targetHints":{"allow":["GET"]}}],"collection":[{"href":"https:\/\/agora.xtec.cat\/ceipmarianao\/wp-json\/wp\/v2\/posts"}],"about":[{"href":"https:\/\/agora.xtec.cat\/ceipmarianao\/wp-json\/wp\/v2\/types\/post"}],"author":[{"embeddable":true,"href":"https:\/\/agora.xtec.cat\/ceipmarianao\/wp-json\/wp\/v2\/users\/3"}],"replies":[{"embeddable":true,"href":"https:\/\/agora.xtec.cat\/ceipmarianao\/wp-json\/wp\/v2\/comments?post=5388"}],"version-history":[{"count":2,"href":"https:\/\/agora.xtec.cat\/ceipmarianao\/wp-json\/wp\/v2\/posts\/5388\/revisions"}],"predecessor-version":[{"id":5391,"href":"https:\/\/agora.xtec.cat\/ceipmarianao\/wp-json\/wp\/v2\/posts\/5388\/revisions\/5391"}],"wp:featuredmedia":[{"embeddable":true,"href":"https:\/\/agora.xtec.cat\/ceipmarianao\/wp-json\/wp\/v2\/media\/5390"}],"wp:attachment":[{"href":"https:\/\/agora.xtec.cat\/ceipmarianao\/wp-json\/wp\/v2\/media?parent=5388"}],"wp:term":[{"taxonomy":"category","embeddable":true,"href":"https:\/\/agora.xtec.cat\/ceipmarianao\/wp-json\/wp\/v2\/categories?post=5388"},{"taxonomy":"post_tag","embeddable":true,"href":"https:\/\/agora.xtec.cat\/ceipmarianao\/wp-json\/wp\/v2\/tags?post=5388"}],"curies":[{"name":"wp","href":"https:\/\/api.w.org\/{rel}","templated":true}]}}