{"id":5377,"date":"2025-05-21T11:48:51","date_gmt":"2025-05-21T09:48:51","guid":{"rendered":"https:\/\/agora.xtec.cat\/ceipmarianao\/?p=5377"},"modified":"2025-05-21T11:49:26","modified_gmt":"2025-05-21T09:49:26","slug":"mercat-cueme-manualicoopi-i-eufocoop","status":"publish","type":"post","link":"https:\/\/agora.xtec.cat\/ceipmarianao\/general\/mercat-cueme-manualicoopi-i-eufocoop\/","title":{"rendered":"MERCAT CuEmE MANUALICOOPI I EUFOCOOP"},"content":{"rendered":"<p style=\"text-align: justify;\">El divendres 16 de maig va tenir\u00a0 lloc el mercat de cooperatives dins el marc del projecte CuEmE (Cultura Emprenedora a l&#8217;Escola).<br \/>\nVolem felicitar les cooperatives de Manualicoopi i Eufocoop per la seva participaci\u00f3 i pel seu gran \u00e8xit. L&#8217;esfor\u00e7 realitzat va donar els seus fruits:. van aconseguir uns beneficis nets de 1.027\u20ac. Enhorabona!<\/p>\n<p style=\"text-align: justify;\"><a href=\"https:\/\/agora.xtec.cat\/ceipmarianao\/wp-content\/uploads\/usu17\/2025\/05\/1.jpg\"><img loading=\"lazy\" decoding=\"async\" class=\"aligncenter size-medium wp-image-5379\" src=\"https:\/\/agora.xtec.cat\/ceipmarianao\/wp-content\/uploads\/usu17\/2025\/05\/1-300x300.jpg\" alt=\"\" width=\"300\" height=\"300\" srcset=\"https:\/\/agora.xtec.cat\/ceipmarianao\/wp-content\/uploads\/usu17\/2025\/05\/1-300x300.jpg 300w, https:\/\/agora.xtec.cat\/ceipmarianao\/wp-content\/uploads\/usu17\/2025\/05\/1-1024x1024.jpg 1024w, https:\/\/agora.xtec.cat\/ceipmarianao\/wp-content\/uploads\/usu17\/2025\/05\/1-150x150.jpg 150w, https:\/\/agora.xtec.cat\/ceipmarianao\/wp-content\/uploads\/usu17\/2025\/05\/1-768x768.jpg 768w, https:\/\/agora.xtec.cat\/ceipmarianao\/wp-content\/uploads\/usu17\/2025\/05\/1.jpg 1080w\" sizes=\"auto, (max-width: 300px) 100vw, 300px\" \/><\/a> <a href=\"https:\/\/agora.xtec.cat\/ceipmarianao\/wp-content\/uploads\/usu17\/2025\/05\/2.jpg\"><img loading=\"lazy\" decoding=\"async\" class=\"aligncenter size-medium wp-image-5380\" src=\"https:\/\/agora.xtec.cat\/ceipmarianao\/wp-content\/uploads\/usu17\/2025\/05\/2-300x300.jpg\" alt=\"\" width=\"300\" height=\"300\" srcset=\"https:\/\/agora.xtec.cat\/ceipmarianao\/wp-content\/uploads\/usu17\/2025\/05\/2-300x300.jpg 300w, https:\/\/agora.xtec.cat\/ceipmarianao\/wp-content\/uploads\/usu17\/2025\/05\/2-1024x1024.jpg 1024w, https:\/\/agora.xtec.cat\/ceipmarianao\/wp-content\/uploads\/usu17\/2025\/05\/2-150x150.jpg 150w, https:\/\/agora.xtec.cat\/ceipmarianao\/wp-content\/uploads\/usu17\/2025\/05\/2-768x768.jpg 768w, https:\/\/agora.xtec.cat\/ceipmarianao\/wp-content\/uploads\/usu17\/2025\/05\/2.jpg 1080w\" sizes=\"auto, (max-width: 300px) 100vw, 300px\" \/><\/a><\/p>\n","protected":false},"excerpt":{"rendered":"<p>El divendres 16 de maig va tenir\u00a0 lloc el mercat de cooperatives dins el marc del projecte CuEmE (Cultura Emprenedora a l&#8217;Escola).<br \/>\nVolem felicitar les cooperatives de Manualicoopi i Eufocoop per la seva participaci\u00f3 i pel seu gran \u00e8xit. L&#8217;esfor\u00e7 realitzat va donar els seus fruits:.&hellip;  <a href=\"https:\/\/agora.xtec.cat\/ceipmarianao\/general\/mercat-cueme-manualicoopi-i-eufocoop\/\" title=\"Read MERCAT CuEmE MANUALICOOPI I EUFOCOOP\">Llegeix m\u00e9s\u00bb<\/a><\/p>\n","protected":false},"author":3,"featured_media":0,"comment_status":"closed","ping_status":"closed","sticky":false,"template":"","format":"standard","meta":{"_bbp_topic_count":0,"_bbp_reply_count":0,"_bbp_total_topic_count":0,"_bbp_total_reply_count":0,"_bbp_voice_count":0,"_bbp_anonymous_reply_count":0,"_bbp_topic_count_hidden":0,"_bbp_reply_count_hidden":0,"_bbp_forum_subforum_count":0,"footnotes":""},"categories":[1,28,4],"tags":[],"class_list":["post-5377","post","type-post","status-publish","format-standard","hentry","category-general","category-noticies-portada","category-portada"],"post_mailing_queue_ids":[],"_links":{"self":[{"href":"https:\/\/agora.xtec.cat\/ceipmarianao\/wp-json\/wp\/v2\/posts\/5377","targetHints":{"allow":["GET"]}}],"collection":[{"href":"https:\/\/agora.xtec.cat\/ceipmarianao\/wp-json\/wp\/v2\/posts"}],"about":[{"href":"https:\/\/agora.xtec.cat\/ceipmarianao\/wp-json\/wp\/v2\/types\/post"}],"author":[{"embeddable":true,"href":"https:\/\/agora.xtec.cat\/ceipmarianao\/wp-json\/wp\/v2\/users\/3"}],"replies":[{"embeddable":true,"href":"https:\/\/agora.xtec.cat\/ceipmarianao\/wp-json\/wp\/v2\/comments?post=5377"}],"version-history":[{"count":3,"href":"https:\/\/agora.xtec.cat\/ceipmarianao\/wp-json\/wp\/v2\/posts\/5377\/revisions"}],"predecessor-version":[{"id":5382,"href":"https:\/\/agora.xtec.cat\/ceipmarianao\/wp-json\/wp\/v2\/posts\/5377\/revisions\/5382"}],"wp:attachment":[{"href":"https:\/\/agora.xtec.cat\/ceipmarianao\/wp-json\/wp\/v2\/media?parent=5377"}],"wp:term":[{"taxonomy":"category","embeddable":true,"href":"https:\/\/agora.xtec.cat\/ceipmarianao\/wp-json\/wp\/v2\/categories?post=5377"},{"taxonomy":"post_tag","embeddable":true,"href":"https:\/\/agora.xtec.cat\/ceipmarianao\/wp-json\/wp\/v2\/tags?post=5377"}],"curies":[{"name":"wp","href":"https:\/\/api.w.org\/{rel}","templated":true}]}}