{"id":5370,"date":"2025-05-16T17:03:01","date_gmt":"2025-05-16T15:03:01","guid":{"rendered":"https:\/\/agora.xtec.cat\/ceipmarianao\/?p=5370"},"modified":"2025-06-16T09:50:45","modified_gmt":"2025-06-16T07:50:45","slug":"celebracio-50e-aniversari-escola-marianao","status":"publish","type":"post","link":"https:\/\/agora.xtec.cat\/ceipmarianao\/general\/celebracio-50e-aniversari-escola-marianao\/","title":{"rendered":"CELEBRACI\u00d3 50\u00e8 ANIVERSARI ESCOLA MARIANAO"},"content":{"rendered":"<p style=\"text-align: justify;\">Ens plau anunciar-vos que la nostra escola fa 50 anys i que ho celebrarem el divendres 13 de juny, a la tarda, amb una gran festa d&#8217;aniversari. Si en algun moment de la vostra vida heu format part de l&#8217;Escola Marianao, ens agradaria comptar amb vosaltres. Us hi apunteu? Endavant, animeu-vos-hi! (Per a emplenar el formulari d&#8217;assist\u00e8ncia, cliqueu a la imatge i despr\u00e9s a l&#8217;enlla\u00e7 que apareixer\u00e0 al pdf).<\/p>\n<p><a href=\"https:\/\/drive.google.com\/file\/d\/1Jf3BSN4kb45ixQCIcniI4Lk2WJBBzL71\/view?usp=sharing\"><img loading=\"lazy\" decoding=\"async\" class=\"aligncenter wp-image-5372\" src=\"https:\/\/agora.xtec.cat\/ceipmarianao\/wp-content\/uploads\/usu17\/2025\/05\/50e-aniversari-Marianao-invitacio-enllac-a-formulari-300x214.png\" alt=\"\" width=\"560\" height=\"399\" srcset=\"https:\/\/agora.xtec.cat\/ceipmarianao\/wp-content\/uploads\/usu17\/2025\/05\/50e-aniversari-Marianao-invitacio-enllac-a-formulari-300x214.png 300w, https:\/\/agora.xtec.cat\/ceipmarianao\/wp-content\/uploads\/usu17\/2025\/05\/50e-aniversari-Marianao-invitacio-enllac-a-formulari-1024x732.png 1024w, https:\/\/agora.xtec.cat\/ceipmarianao\/wp-content\/uploads\/usu17\/2025\/05\/50e-aniversari-Marianao-invitacio-enllac-a-formulari-768x549.png 768w, https:\/\/agora.xtec.cat\/ceipmarianao\/wp-content\/uploads\/usu17\/2025\/05\/50e-aniversari-Marianao-invitacio-enllac-a-formulari.png 1270w\" sizes=\"auto, (max-width: 560px) 100vw, 560px\" \/><\/a><\/p>\n<p style=\"text-align: center;\"><iframe loading=\"lazy\" src=\"\/\/www.youtube.com\/embed\/nS1VULFpPJU\" width=\"560\" height=\"314\" allowfullscreen=\"allowfullscreen\"><\/iframe><\/p>\n<p style=\"text-align: center;\"><a href=\"https:\/\/drive.google.com\/file\/d\/1tLNrG9TdXdMcb0ETa79bA2M2xD_5-Loq\/view?usp=sharing\"><img loading=\"lazy\" decoding=\"async\" class=\"aligncenter wp-image-5386\" src=\"https:\/\/agora.xtec.cat\/ceipmarianao\/wp-content\/uploads\/usu17\/2025\/05\/Programa-50e-aniversari-212x300.png\" alt=\"\" width=\"500\" height=\"708\" srcset=\"https:\/\/agora.xtec.cat\/ceipmarianao\/wp-content\/uploads\/usu17\/2025\/05\/Programa-50e-aniversari-212x300.png 212w, https:\/\/agora.xtec.cat\/ceipmarianao\/wp-content\/uploads\/usu17\/2025\/05\/Programa-50e-aniversari-724x1024.png 724w, https:\/\/agora.xtec.cat\/ceipmarianao\/wp-content\/uploads\/usu17\/2025\/05\/Programa-50e-aniversari-768x1086.png 768w, https:\/\/agora.xtec.cat\/ceipmarianao\/wp-content\/uploads\/usu17\/2025\/05\/Programa-50e-aniversari-1086x1536.png 1086w, https:\/\/agora.xtec.cat\/ceipmarianao\/wp-content\/uploads\/usu17\/2025\/05\/Programa-50e-aniversari.png 1414w\" sizes=\"auto, (max-width: 500px) 100vw, 500px\" \/><\/a><\/p>\n","protected":false},"excerpt":{"rendered":"<p>Ens plau anunciar-vos que la nostra escola fa 50 anys i que ho celebrarem el divendres 13 de juny, a la tarda, amb una gran festa d&#8217;aniversari. Si en algun moment de la vostra vida heu format part de l&#8217;Escola Marianao, ens agradaria comptar amb&hellip;  <a href=\"https:\/\/agora.xtec.cat\/ceipmarianao\/general\/celebracio-50e-aniversari-escola-marianao\/\" title=\"Read CELEBRACI\u00d3 50\u00e8 ANIVERSARI ESCOLA MARIANAO\">Llegeix m\u00e9s\u00bb<\/a><\/p>\n","protected":false},"author":3,"featured_media":5373,"comment_status":"closed","ping_status":"closed","sticky":false,"template":"","format":"standard","meta":{"_bbp_topic_count":0,"_bbp_reply_count":0,"_bbp_total_topic_count":0,"_bbp_total_reply_count":0,"_bbp_voice_count":0,"_bbp_anonymous_reply_count":0,"_bbp_topic_count_hidden":0,"_bbp_reply_count_hidden":0,"_bbp_forum_subforum_count":0,"footnotes":""},"categories":[1,28,4],"tags":[],"class_list":["post-5370","post","type-post","status-publish","format-standard","has-post-thumbnail","hentry","category-general","category-noticies-portada","category-portada"],"post_mailing_queue_ids":[],"_links":{"self":[{"href":"https:\/\/agora.xtec.cat\/ceipmarianao\/wp-json\/wp\/v2\/posts\/5370","targetHints":{"allow":["GET"]}}],"collection":[{"href":"https:\/\/agora.xtec.cat\/ceipmarianao\/wp-json\/wp\/v2\/posts"}],"about":[{"href":"https:\/\/agora.xtec.cat\/ceipmarianao\/wp-json\/wp\/v2\/types\/post"}],"author":[{"embeddable":true,"href":"https:\/\/agora.xtec.cat\/ceipmarianao\/wp-json\/wp\/v2\/users\/3"}],"replies":[{"embeddable":true,"href":"https:\/\/agora.xtec.cat\/ceipmarianao\/wp-json\/wp\/v2\/comments?post=5370"}],"version-history":[{"count":5,"href":"https:\/\/agora.xtec.cat\/ceipmarianao\/wp-json\/wp\/v2\/posts\/5370\/revisions"}],"predecessor-version":[{"id":5387,"href":"https:\/\/agora.xtec.cat\/ceipmarianao\/wp-json\/wp\/v2\/posts\/5370\/revisions\/5387"}],"wp:featuredmedia":[{"embeddable":true,"href":"https:\/\/agora.xtec.cat\/ceipmarianao\/wp-json\/wp\/v2\/media\/5373"}],"wp:attachment":[{"href":"https:\/\/agora.xtec.cat\/ceipmarianao\/wp-json\/wp\/v2\/media?parent=5370"}],"wp:term":[{"taxonomy":"category","embeddable":true,"href":"https:\/\/agora.xtec.cat\/ceipmarianao\/wp-json\/wp\/v2\/categories?post=5370"},{"taxonomy":"post_tag","embeddable":true,"href":"https:\/\/agora.xtec.cat\/ceipmarianao\/wp-json\/wp\/v2\/tags?post=5370"}],"curies":[{"name":"wp","href":"https:\/\/api.w.org\/{rel}","templated":true}]}}