{"id":5362,"date":"2025-05-05T16:32:38","date_gmt":"2025-05-05T14:32:38","guid":{"rendered":"https:\/\/agora.xtec.cat\/ceipmarianao\/?p=5362"},"modified":"2025-05-05T16:32:38","modified_gmt":"2025-05-05T14:32:38","slug":"setmana-de-sant-jordi-2025","status":"publish","type":"post","link":"https:\/\/agora.xtec.cat\/ceipmarianao\/general\/setmana-de-sant-jordi-2025\/","title":{"rendered":"SETMANA DE SANT JORDI 2025"},"content":{"rendered":"<p style=\"text-align: justify;\">Durant la setmana de Sant Jordi, vam fer diferents activitats al voltant d&#8217;aquell dia: treballs manuals elaborats pels infants, una lectura ben especial de la llegenda de Sant Jordi personalitzada, la marat\u00f3 de contes, obres de teatre en angl\u00e8s a c\u00e0rrec de la companyia <em>Jumping Ducks,<\/em> l&#8217;elaboraci\u00f3 d&#8217;un drac molt ferotge per als Jocs Florals, una paradeta de roses i manualitats a c\u00e0rrec dels infants de 6\u00e8, la festa de l&#8217;AFA&#8230; Vam celebrar la Diada d&#8217;all\u00f2 m\u00e9s b\u00e9. Gr\u00e0cies per fer-ho possible! Mireu, mireu&#8230;<\/p>\n<p style=\"text-align: center;\"><iframe loading=\"lazy\" src=\"\/\/www.youtube.com\/embed\/vLXKUvgOV6Q\" width=\"560\" height=\"314\" allowfullscreen=\"allowfullscreen\"><\/iframe><\/p>\n","protected":false},"excerpt":{"rendered":"<p>Durant la setmana de Sant Jordi, vam fer diferents activitats al voltant d&#8217;aquell dia: treballs manuals elaborats pels infants, una lectura ben especial de la llegenda de Sant Jordi personalitzada, la marat\u00f3 de contes, obres de teatre en angl\u00e8s a c\u00e0rrec de la companyia Jumping&hellip;  <a href=\"https:\/\/agora.xtec.cat\/ceipmarianao\/general\/setmana-de-sant-jordi-2025\/\" title=\"Read SETMANA DE SANT JORDI 2025\">Llegeix m\u00e9s\u00bb<\/a><\/p>\n","protected":false},"author":3,"featured_media":5364,"comment_status":"closed","ping_status":"closed","sticky":false,"template":"","format":"standard","meta":{"_bbp_topic_count":0,"_bbp_reply_count":0,"_bbp_total_topic_count":0,"_bbp_total_reply_count":0,"_bbp_voice_count":0,"_bbp_anonymous_reply_count":0,"_bbp_topic_count_hidden":0,"_bbp_reply_count_hidden":0,"_bbp_forum_subforum_count":0,"footnotes":""},"categories":[1,28,4],"tags":[],"class_list":["post-5362","post","type-post","status-publish","format-standard","has-post-thumbnail","hentry","category-general","category-noticies-portada","category-portada"],"post_mailing_queue_ids":[],"_links":{"self":[{"href":"https:\/\/agora.xtec.cat\/ceipmarianao\/wp-json\/wp\/v2\/posts\/5362","targetHints":{"allow":["GET"]}}],"collection":[{"href":"https:\/\/agora.xtec.cat\/ceipmarianao\/wp-json\/wp\/v2\/posts"}],"about":[{"href":"https:\/\/agora.xtec.cat\/ceipmarianao\/wp-json\/wp\/v2\/types\/post"}],"author":[{"embeddable":true,"href":"https:\/\/agora.xtec.cat\/ceipmarianao\/wp-json\/wp\/v2\/users\/3"}],"replies":[{"embeddable":true,"href":"https:\/\/agora.xtec.cat\/ceipmarianao\/wp-json\/wp\/v2\/comments?post=5362"}],"version-history":[{"count":2,"href":"https:\/\/agora.xtec.cat\/ceipmarianao\/wp-json\/wp\/v2\/posts\/5362\/revisions"}],"predecessor-version":[{"id":5365,"href":"https:\/\/agora.xtec.cat\/ceipmarianao\/wp-json\/wp\/v2\/posts\/5362\/revisions\/5365"}],"wp:featuredmedia":[{"embeddable":true,"href":"https:\/\/agora.xtec.cat\/ceipmarianao\/wp-json\/wp\/v2\/media\/5364"}],"wp:attachment":[{"href":"https:\/\/agora.xtec.cat\/ceipmarianao\/wp-json\/wp\/v2\/media?parent=5362"}],"wp:term":[{"taxonomy":"category","embeddable":true,"href":"https:\/\/agora.xtec.cat\/ceipmarianao\/wp-json\/wp\/v2\/categories?post=5362"},{"taxonomy":"post_tag","embeddable":true,"href":"https:\/\/agora.xtec.cat\/ceipmarianao\/wp-json\/wp\/v2\/tags?post=5362"}],"curies":[{"name":"wp","href":"https:\/\/api.w.org\/{rel}","templated":true}]}}