{"id":5353,"date":"2025-04-11T17:57:45","date_gmt":"2025-04-11T15:57:45","guid":{"rendered":"https:\/\/agora.xtec.cat\/ceipmarianao\/?p=5353"},"modified":"2025-04-11T17:57:45","modified_gmt":"2025-04-11T15:57:45","slug":"vacances-del-2n-trimestre","status":"publish","type":"post","link":"https:\/\/agora.xtec.cat\/ceipmarianao\/general\/vacances-del-2n-trimestre\/","title":{"rendered":"VACANCES DEL 2n TRIMESTRE"},"content":{"rendered":"<p style=\"text-align: justify;\">Avui, tots els infants de l&#8217;escola han elaborat la seva mona de Pasqua. A mig mat\u00ed hem celebrat tots junts que s&#8217;acabava el trimestre menjant-nos la mona i ballant i cantant. Ens ho hem passat d&#8217;all\u00f2 m\u00e9s b\u00e9: mireu, mireu&#8230; Bones vacances de Setmana Santa!<\/p>\n<p style=\"text-align: center;\"><iframe loading=\"lazy\" src=\"\/\/www.youtube.com\/embed\/armVLdS9j4M\" width=\"560\" height=\"314\" allowfullscreen=\"allowfullscreen\"><\/iframe><\/p>\n","protected":false},"excerpt":{"rendered":"<p>Avui, tots els infants de l&#8217;escola han elaborat la seva mona de Pasqua. A mig mat\u00ed hem celebrat tots junts que s&#8217;acabava el trimestre menjant-nos la mona i ballant i cantant. Ens ho hem passat d&#8217;all\u00f2 m\u00e9s b\u00e9: mireu, mireu&#8230; Bones vacances de Setmana Santa!<\/p>\n","protected":false},"author":3,"featured_media":5355,"comment_status":"closed","ping_status":"closed","sticky":false,"template":"","format":"standard","meta":{"_bbp_topic_count":0,"_bbp_reply_count":0,"_bbp_total_topic_count":0,"_bbp_total_reply_count":0,"_bbp_voice_count":0,"_bbp_anonymous_reply_count":0,"_bbp_topic_count_hidden":0,"_bbp_reply_count_hidden":0,"_bbp_forum_subforum_count":0,"footnotes":""},"categories":[1,28,4],"tags":[],"class_list":["post-5353","post","type-post","status-publish","format-standard","has-post-thumbnail","hentry","category-general","category-noticies-portada","category-portada"],"post_mailing_queue_ids":[],"_links":{"self":[{"href":"https:\/\/agora.xtec.cat\/ceipmarianao\/wp-json\/wp\/v2\/posts\/5353","targetHints":{"allow":["GET"]}}],"collection":[{"href":"https:\/\/agora.xtec.cat\/ceipmarianao\/wp-json\/wp\/v2\/posts"}],"about":[{"href":"https:\/\/agora.xtec.cat\/ceipmarianao\/wp-json\/wp\/v2\/types\/post"}],"author":[{"embeddable":true,"href":"https:\/\/agora.xtec.cat\/ceipmarianao\/wp-json\/wp\/v2\/users\/3"}],"replies":[{"embeddable":true,"href":"https:\/\/agora.xtec.cat\/ceipmarianao\/wp-json\/wp\/v2\/comments?post=5353"}],"version-history":[{"count":2,"href":"https:\/\/agora.xtec.cat\/ceipmarianao\/wp-json\/wp\/v2\/posts\/5353\/revisions"}],"predecessor-version":[{"id":5356,"href":"https:\/\/agora.xtec.cat\/ceipmarianao\/wp-json\/wp\/v2\/posts\/5353\/revisions\/5356"}],"wp:featuredmedia":[{"embeddable":true,"href":"https:\/\/agora.xtec.cat\/ceipmarianao\/wp-json\/wp\/v2\/media\/5355"}],"wp:attachment":[{"href":"https:\/\/agora.xtec.cat\/ceipmarianao\/wp-json\/wp\/v2\/media?parent=5353"}],"wp:term":[{"taxonomy":"category","embeddable":true,"href":"https:\/\/agora.xtec.cat\/ceipmarianao\/wp-json\/wp\/v2\/categories?post=5353"},{"taxonomy":"post_tag","embeddable":true,"href":"https:\/\/agora.xtec.cat\/ceipmarianao\/wp-json\/wp\/v2\/tags?post=5353"}],"curies":[{"name":"wp","href":"https:\/\/api.w.org\/{rel}","templated":true}]}}