{"id":5344,"date":"2025-04-04T00:51:21","date_gmt":"2025-04-03T22:51:21","guid":{"rendered":"https:\/\/agora.xtec.cat\/ceipmarianao\/?p=5344"},"modified":"2025-04-04T09:10:42","modified_gmt":"2025-04-04T07:10:42","slug":"colonies-1r-dia-i5-i-2n-dia-2n-4t-i-6e","status":"publish","type":"post","link":"https:\/\/agora.xtec.cat\/ceipmarianao\/general\/colonies-1r-dia-i5-i-2n-dia-2n-4t-i-6e\/","title":{"rendered":"COL\u00d2NIES 1r DIA I5 i 2n DIA 2n, 4t i 6\u00e8"},"content":{"rendered":"<p style=\"text-align: justify;\">Despr\u00e9s d&#8217;una nit de moltes emocions, quan els infants de 2n, 4t i 6\u00e8 s&#8217;han aixecat, han vist que el &#8220;Sol, solet&#8221; els havia fet cas i els havia visitat. Quina sort! S&#8217;han vestit, han esmorzat i han comen\u00e7at la seva aventura: els nens i nenes de 2n han jugat i han descobert la &#8220;Terra d&#8217;indis&#8221; mentre que els nois i noies de 4t i de 6\u00e8 han gravat la seva primera pel\u00b7l\u00edcula. Mentrestant, arribaven els i les m\u00e9s petits, que han fet jocs de benvinguda i s&#8217;ho han passat d&#8217;all\u00f2 m\u00e9s b\u00e9: quina emoci\u00f3, les seves primeres col\u00f2nies! M\u00e9s tard, han dinat tots i totes junts i han jugat lliurement una estoneta.<\/p>\n<p style=\"text-align: justify;\">A I5, s&#8217;han convertit en veritables indis i \u00edndies de la tribu dels<em> f\u00edgucs<\/em>, han buscat t\u00f2tems, han fet molts jocs i una s\u00faper excursi\u00f3 al poble de Castellnou de Bages.<\/p>\n<p style=\"text-align: justify;\">A 2nA i a 2nB han jugat a <em>som indis <\/em>i s&#8217;han endinsat a un poblat indi.<\/p>\n<p style=\"text-align: justify;\">A 4t i a 6\u00e8 han protagonitzat un documental i han fet un taller de Chroma.<\/p>\n<p style=\"text-align: justify;\">Abans de sopar, s&#8217;han posat ben elegants, han sopat i ho han donat tot a la disco. Ha estat un moment molt emocionant i entranyable, per a recordar tota la vida.<\/p>\n<p style=\"text-align: justify;\">Dem\u00e0, quan es despertin, s&#8217;emportaran una s\u00faper sorpresa&#8230;. Despr\u00e9s, educaci\u00f3 infantil i cicle inicial faran una gimcana n\u00f2mada i cicle mitj\u00e0 i cicle superior participaran al <em>gran concurs<\/em>.<\/p>\n<p style=\"text-align: justify;\">Despr\u00e9s de dinar tornaran cap a l&#8217;escola, on, de ben segur, els estareu esperant impacients. No patiu, han gaudit de valent!<\/p>\n<p style=\"text-align: center;\"><iframe loading=\"lazy\" src=\"\/\/www.youtube.com\/embed\/qFOVoesmjPY\" width=\"560\" height=\"314\" allowfullscreen=\"allowfullscreen\"><\/iframe><\/p>\n<p style=\"text-align: center;\"><iframe loading=\"lazy\" src=\"\/\/www.youtube.com\/embed\/lcEtD0vk6wk\" width=\"560\" height=\"314\" allowfullscreen=\"allowfullscreen\"><\/iframe><\/p>\n<p style=\"text-align: center;\"><iframe loading=\"lazy\" src=\"\/\/www.youtube.com\/embed\/pWc6XHazltU\" width=\"560\" height=\"314\" allowfullscreen=\"allowfullscreen\"><\/iframe><\/p>\n<p style=\"text-align: center;\"><iframe loading=\"lazy\" src=\"\/\/www.youtube.com\/embed\/Dxt-avP4Z08\" width=\"560\" height=\"314\" allowfullscreen=\"allowfullscreen\"><\/iframe><\/p>\n<p style=\"text-align: center;\"><iframe loading=\"lazy\" src=\"\/\/www.youtube.com\/embed\/CEfk6x33EUk\" width=\"560\" height=\"314\" allowfullscreen=\"allowfullscreen\"><\/iframe><\/p>\n","protected":false},"excerpt":{"rendered":"<p>Despr\u00e9s d&#8217;una nit de moltes emocions, quan els infants de 2n, 4t i 6\u00e8 s&#8217;han aixecat, han vist que el &#8220;Sol, solet&#8221; els havia fet cas i els havia visitat. Quina sort! S&#8217;han vestit, han esmorzat i han comen\u00e7at la seva aventura: els nens i&hellip;  <a href=\"https:\/\/agora.xtec.cat\/ceipmarianao\/general\/colonies-1r-dia-i5-i-2n-dia-2n-4t-i-6e\/\" title=\"Read COL\u00d2NIES 1r DIA I5 i 2n DIA 2n, 4t i 6\u00e8\">Llegeix m\u00e9s\u00bb<\/a><\/p>\n","protected":false},"author":3,"featured_media":5348,"comment_status":"closed","ping_status":"closed","sticky":false,"template":"","format":"standard","meta":{"_bbp_topic_count":0,"_bbp_reply_count":0,"_bbp_total_topic_count":0,"_bbp_total_reply_count":0,"_bbp_voice_count":0,"_bbp_anonymous_reply_count":0,"_bbp_topic_count_hidden":0,"_bbp_reply_count_hidden":0,"_bbp_forum_subforum_count":0,"footnotes":""},"categories":[1,28,4],"tags":[],"class_list":["post-5344","post","type-post","status-publish","format-standard","has-post-thumbnail","hentry","category-general","category-noticies-portada","category-portada"],"post_mailing_queue_ids":[],"_links":{"self":[{"href":"https:\/\/agora.xtec.cat\/ceipmarianao\/wp-json\/wp\/v2\/posts\/5344","targetHints":{"allow":["GET"]}}],"collection":[{"href":"https:\/\/agora.xtec.cat\/ceipmarianao\/wp-json\/wp\/v2\/posts"}],"about":[{"href":"https:\/\/agora.xtec.cat\/ceipmarianao\/wp-json\/wp\/v2\/types\/post"}],"author":[{"embeddable":true,"href":"https:\/\/agora.xtec.cat\/ceipmarianao\/wp-json\/wp\/v2\/users\/3"}],"replies":[{"embeddable":true,"href":"https:\/\/agora.xtec.cat\/ceipmarianao\/wp-json\/wp\/v2\/comments?post=5344"}],"version-history":[{"count":6,"href":"https:\/\/agora.xtec.cat\/ceipmarianao\/wp-json\/wp\/v2\/posts\/5344\/revisions"}],"predecessor-version":[{"id":5352,"href":"https:\/\/agora.xtec.cat\/ceipmarianao\/wp-json\/wp\/v2\/posts\/5344\/revisions\/5352"}],"wp:featuredmedia":[{"embeddable":true,"href":"https:\/\/agora.xtec.cat\/ceipmarianao\/wp-json\/wp\/v2\/media\/5348"}],"wp:attachment":[{"href":"https:\/\/agora.xtec.cat\/ceipmarianao\/wp-json\/wp\/v2\/media?parent=5344"}],"wp:term":[{"taxonomy":"category","embeddable":true,"href":"https:\/\/agora.xtec.cat\/ceipmarianao\/wp-json\/wp\/v2\/categories?post=5344"},{"taxonomy":"post_tag","embeddable":true,"href":"https:\/\/agora.xtec.cat\/ceipmarianao\/wp-json\/wp\/v2\/tags?post=5344"}],"curies":[{"name":"wp","href":"https:\/\/api.w.org\/{rel}","templated":true}]}}