{"id":5333,"date":"2025-04-02T23:29:03","date_gmt":"2025-04-02T21:29:03","guid":{"rendered":"https:\/\/agora.xtec.cat\/ceipmarianao\/?p=5333"},"modified":"2025-04-02T23:29:03","modified_gmt":"2025-04-02T21:29:03","slug":"colonies-1r-dia-2","status":"publish","type":"post","link":"https:\/\/agora.xtec.cat\/ceipmarianao\/general\/colonies-1r-dia-2\/","title":{"rendered":"COL\u00d2NIES 1r DIA"},"content":{"rendered":"<p style=\"text-align: justify;\">Malgrat la pluja, aquest primer dia, els nens i nenes de 2n, 4t i 6\u00e8 s&#8217;ho han passat d&#8217;all\u00f2 m\u00e9s b\u00e9. En arribar, han esmorzat, han fet jocs de benvinguda, han jugat i han dinat. Els infants de 2nA i de 2nB han fet un taller d&#8217;indis i\u00a0 han anat de cacera, mentre que els nois i noies de 4t i de 6\u00e8 han fet el gran joc del c\u00e0sting. M\u00e9s tard, tots i totes han berenat i han gaudit d&#8217;una bona estona de joc lliure. Despr\u00e9s de sopar, han fet un s\u00faper divertit joc de nit. Ara toca descansar per a agafar forces per a dem\u00e0. Cantarem el &#8220;Sol, solet&#8221; a veure si ens fa cas i hi apareix mentre esperem els nostres companys i companyes d&#8217;I5.<\/p>\n<p style=\"text-align: center;\"><iframe loading=\"lazy\" src=\"\/\/www.youtube.com\/embed\/x_FHazK77GU\" width=\"560\" height=\"314\" allowfullscreen=\"allowfullscreen\"><\/iframe><\/p>\n<p style=\"text-align: center;\"><iframe loading=\"lazy\" src=\"\/\/www.youtube.com\/embed\/0fCXmLZ4QBY\" width=\"560\" height=\"314\" allowfullscreen=\"allowfullscreen\"><\/iframe><\/p>\n<p style=\"text-align: center;\"><iframe loading=\"lazy\" src=\"\/\/www.youtube.com\/embed\/zz7yEJeTNzQ\" width=\"560\" height=\"314\" allowfullscreen=\"allowfullscreen\"><\/iframe><\/p>\n<p style=\"text-align: center;\"><iframe loading=\"lazy\" src=\"\/\/www.youtube.com\/embed\/VYXMQ7x4pZ0\" width=\"560\" height=\"314\" allowfullscreen=\"allowfullscreen\"><\/iframe><\/p>\n","protected":false},"excerpt":{"rendered":"<p>Malgrat la pluja, aquest primer dia, els nens i nenes de 2n, 4t i 6\u00e8 s&#8217;ho han passat d&#8217;all\u00f2 m\u00e9s b\u00e9. En arribar, han esmorzat, han fet jocs de benvinguda, han jugat i han dinat. Els infants de 2nA i de 2nB han fet un&hellip;  <a href=\"https:\/\/agora.xtec.cat\/ceipmarianao\/general\/colonies-1r-dia-2\/\" title=\"Read COL\u00d2NIES 1r DIA\">Llegeix m\u00e9s\u00bb<\/a><\/p>\n","protected":false},"author":3,"featured_media":5337,"comment_status":"closed","ping_status":"closed","sticky":false,"template":"","format":"standard","meta":{"_bbp_topic_count":0,"_bbp_reply_count":0,"_bbp_total_topic_count":0,"_bbp_total_reply_count":0,"_bbp_voice_count":0,"_bbp_anonymous_reply_count":0,"_bbp_topic_count_hidden":0,"_bbp_reply_count_hidden":0,"_bbp_forum_subforum_count":0,"footnotes":""},"categories":[1,28,4],"tags":[],"class_list":["post-5333","post","type-post","status-publish","format-standard","has-post-thumbnail","hentry","category-general","category-noticies-portada","category-portada"],"post_mailing_queue_ids":[],"_links":{"self":[{"href":"https:\/\/agora.xtec.cat\/ceipmarianao\/wp-json\/wp\/v2\/posts\/5333","targetHints":{"allow":["GET"]}}],"collection":[{"href":"https:\/\/agora.xtec.cat\/ceipmarianao\/wp-json\/wp\/v2\/posts"}],"about":[{"href":"https:\/\/agora.xtec.cat\/ceipmarianao\/wp-json\/wp\/v2\/types\/post"}],"author":[{"embeddable":true,"href":"https:\/\/agora.xtec.cat\/ceipmarianao\/wp-json\/wp\/v2\/users\/3"}],"replies":[{"embeddable":true,"href":"https:\/\/agora.xtec.cat\/ceipmarianao\/wp-json\/wp\/v2\/comments?post=5333"}],"version-history":[{"count":3,"href":"https:\/\/agora.xtec.cat\/ceipmarianao\/wp-json\/wp\/v2\/posts\/5333\/revisions"}],"predecessor-version":[{"id":5338,"href":"https:\/\/agora.xtec.cat\/ceipmarianao\/wp-json\/wp\/v2\/posts\/5333\/revisions\/5338"}],"wp:featuredmedia":[{"embeddable":true,"href":"https:\/\/agora.xtec.cat\/ceipmarianao\/wp-json\/wp\/v2\/media\/5337"}],"wp:attachment":[{"href":"https:\/\/agora.xtec.cat\/ceipmarianao\/wp-json\/wp\/v2\/media?parent=5333"}],"wp:term":[{"taxonomy":"category","embeddable":true,"href":"https:\/\/agora.xtec.cat\/ceipmarianao\/wp-json\/wp\/v2\/categories?post=5333"},{"taxonomy":"post_tag","embeddable":true,"href":"https:\/\/agora.xtec.cat\/ceipmarianao\/wp-json\/wp\/v2\/tags?post=5333"}],"curies":[{"name":"wp","href":"https:\/\/api.w.org\/{rel}","templated":true}]}}