{"id":5314,"date":"2025-03-25T16:59:30","date_gmt":"2025-03-25T15:59:30","guid":{"rendered":"https:\/\/agora.xtec.cat\/ceipmarianao\/?p=5314"},"modified":"2025-03-25T17:00:02","modified_gmt":"2025-03-25T16:00:02","slug":"11a-setmana-saludable","status":"publish","type":"post","link":"https:\/\/agora.xtec.cat\/ceipmarianao\/general\/11a-setmana-saludable\/","title":{"rendered":"11a SETMANA SALUDABLE"},"content":{"rendered":"<p style=\"text-align: justify;\">Aquest curs, com ja \u00e9s tradici\u00f3 a l&#8217;Escola Marianao, estem realitzant l&#8217;11a Setmana Saludable del 24 al 28 de mar\u00e7 de 2025.<\/p>\n<p style=\"font-weight: 400; text-align: justify;\">Enguany ens\u00a0centrarem en\u00a0la import\u00e0ncia del temps de lleure de qualitat per a les persones d&#8217;arreu del m\u00f3n, sense deixar de banda la necessitat d&#8217;una bona alimentaci\u00f3, la import\u00e0ncia de dur a terme activitat f\u00edsica de manera regular, un bon descans i una bona gesti\u00f3 de les emocions.<\/p>\n<p style=\"font-weight: 400; text-align: justify;\">L&#8217;esl\u00f2gan ser\u00e0:<\/p>\n<p style=\"font-weight: 400; text-align: justify;\"><strong>&#8220;Unides pel joc, connectades pel m\u00f3n.&#8221;<\/strong><\/p>\n<p style=\"text-align: justify;\">Mireu, mireu, quantes activitats divertides tenim preparades&#8230;<\/p>\n<p style=\"text-align: justify;\"><a href=\"https:\/\/agora.xtec.cat\/ceipmarianao\/wp-content\/uploads\/usu17\/2025\/03\/1.png\"><img loading=\"lazy\" decoding=\"async\" class=\"aligncenter wp-image-5317\" src=\"https:\/\/agora.xtec.cat\/ceipmarianao\/wp-content\/uploads\/usu17\/2025\/03\/1-211x300.png\" alt=\"\" width=\"350\" height=\"498\" srcset=\"https:\/\/agora.xtec.cat\/ceipmarianao\/wp-content\/uploads\/usu17\/2025\/03\/1-211x300.png 211w, https:\/\/agora.xtec.cat\/ceipmarianao\/wp-content\/uploads\/usu17\/2025\/03\/1.png 638w\" sizes=\"auto, (max-width: 350px) 100vw, 350px\" \/><\/a><\/p>\n<p style=\"text-align: center;\"><a href=\"https:\/\/agora.xtec.cat\/ceipmarianao\/wp-content\/uploads\/usu17\/2025\/03\/2.png\"><img loading=\"lazy\" decoding=\"async\" class=\"aligncenter wp-image-5318\" src=\"https:\/\/agora.xtec.cat\/ceipmarianao\/wp-content\/uploads\/usu17\/2025\/03\/2-212x300.png\" alt=\"\" width=\"350\" height=\"495\" srcset=\"https:\/\/agora.xtec.cat\/ceipmarianao\/wp-content\/uploads\/usu17\/2025\/03\/2-212x300.png 212w, https:\/\/agora.xtec.cat\/ceipmarianao\/wp-content\/uploads\/usu17\/2025\/03\/2.png 636w\" sizes=\"auto, (max-width: 350px) 100vw, 350px\" \/><\/a><\/p>\n","protected":false},"excerpt":{"rendered":"<p>Aquest curs, com ja \u00e9s tradici\u00f3 a l&#8217;Escola Marianao, estem realitzant l&#8217;11a Setmana Saludable del 24 al 28 de mar\u00e7 de 2025.<br \/>\nEnguany ens\u00a0centrarem en\u00a0la import\u00e0ncia del temps de lleure de qualitat per a les persones d&#8217;arreu del m\u00f3n, sense deixar de banda la necessitat d&#8217;una&hellip;  <a href=\"https:\/\/agora.xtec.cat\/ceipmarianao\/general\/11a-setmana-saludable\/\" title=\"Read 11a SETMANA SALUDABLE\">Llegeix m\u00e9s\u00bb<\/a><\/p>\n","protected":false},"author":3,"featured_media":0,"comment_status":"closed","ping_status":"closed","sticky":false,"template":"","format":"standard","meta":{"_bbp_topic_count":0,"_bbp_reply_count":0,"_bbp_total_topic_count":0,"_bbp_total_reply_count":0,"_bbp_voice_count":0,"_bbp_anonymous_reply_count":0,"_bbp_topic_count_hidden":0,"_bbp_reply_count_hidden":0,"_bbp_forum_subforum_count":0,"footnotes":""},"categories":[1,28,4],"tags":[],"class_list":["post-5314","post","type-post","status-publish","format-standard","hentry","category-general","category-noticies-portada","category-portada"],"post_mailing_queue_ids":[],"_links":{"self":[{"href":"https:\/\/agora.xtec.cat\/ceipmarianao\/wp-json\/wp\/v2\/posts\/5314","targetHints":{"allow":["GET"]}}],"collection":[{"href":"https:\/\/agora.xtec.cat\/ceipmarianao\/wp-json\/wp\/v2\/posts"}],"about":[{"href":"https:\/\/agora.xtec.cat\/ceipmarianao\/wp-json\/wp\/v2\/types\/post"}],"author":[{"embeddable":true,"href":"https:\/\/agora.xtec.cat\/ceipmarianao\/wp-json\/wp\/v2\/users\/3"}],"replies":[{"embeddable":true,"href":"https:\/\/agora.xtec.cat\/ceipmarianao\/wp-json\/wp\/v2\/comments?post=5314"}],"version-history":[{"count":4,"href":"https:\/\/agora.xtec.cat\/ceipmarianao\/wp-json\/wp\/v2\/posts\/5314\/revisions"}],"predecessor-version":[{"id":5320,"href":"https:\/\/agora.xtec.cat\/ceipmarianao\/wp-json\/wp\/v2\/posts\/5314\/revisions\/5320"}],"wp:attachment":[{"href":"https:\/\/agora.xtec.cat\/ceipmarianao\/wp-json\/wp\/v2\/media?parent=5314"}],"wp:term":[{"taxonomy":"category","embeddable":true,"href":"https:\/\/agora.xtec.cat\/ceipmarianao\/wp-json\/wp\/v2\/categories?post=5314"},{"taxonomy":"post_tag","embeddable":true,"href":"https:\/\/agora.xtec.cat\/ceipmarianao\/wp-json\/wp\/v2\/tags?post=5314"}],"curies":[{"name":"wp","href":"https:\/\/api.w.org\/{rel}","templated":true}]}}