{"id":5300,"date":"2025-03-07T16:22:28","date_gmt":"2025-03-07T15:22:28","guid":{"rendered":"https:\/\/agora.xtec.cat\/ceipmarianao\/?p=5300"},"modified":"2025-03-07T16:26:13","modified_gmt":"2025-03-07T15:26:13","slug":"8m-dia-internacional-de-les-dones","status":"publish","type":"post","link":"https:\/\/agora.xtec.cat\/ceipmarianao\/general\/8m-dia-internacional-de-les-dones\/","title":{"rendered":"8M &#8211; Dia Internacional de les Dones"},"content":{"rendered":"<p style=\"text-align: justify;\">El 8 de mar\u00e7 \u00e9s la jornada de commemoraci\u00f3 del Dia Internacional de les Dones. Des de l\u2019escola creiem en la necessitat de treballar la coeducaci\u00f3 i la perspectiva de g\u00e8nere com a mirada integrada en el Projecte Educatiu de Centre. Aquest curs, des del seminari de coeducaci\u00f3, s&#8217;ha impulsat una proposta art\u00edstica per a visibilitzar dones referents per als infants, dones que s\u2019estimen o a qui admiren. En coordinaci\u00f3 amb el Centre d&#8217;Art Can Castells, de Sant Boi, s&#8217;exposar\u00e0 una mostra f\u00edsica o digital de les produccions dels diferents centres educatius. Es far\u00e0 la inauguraci\u00f3 de l&#8217;exposici\u00f3 el dilluns 17 de mar\u00e7 a la sala Bertol Brech.<\/p>\n<p style=\"text-align: center;\"><a href=\"https:\/\/agora.xtec.cat\/ceipmarianao\/wp-content\/uploads\/usu17\/2025\/03\/11.png\"><img loading=\"lazy\" decoding=\"async\" class=\"aligncenter wp-image-5302\" src=\"https:\/\/agora.xtec.cat\/ceipmarianao\/wp-content\/uploads\/usu17\/2025\/03\/11-300x300.png\" alt=\"\" width=\"500\" height=\"500\" srcset=\"https:\/\/agora.xtec.cat\/ceipmarianao\/wp-content\/uploads\/usu17\/2025\/03\/11-300x300.png 300w, https:\/\/agora.xtec.cat\/ceipmarianao\/wp-content\/uploads\/usu17\/2025\/03\/11-1024x1024.png 1024w, https:\/\/agora.xtec.cat\/ceipmarianao\/wp-content\/uploads\/usu17\/2025\/03\/11-150x150.png 150w, https:\/\/agora.xtec.cat\/ceipmarianao\/wp-content\/uploads\/usu17\/2025\/03\/11-768x768.png 768w, https:\/\/agora.xtec.cat\/ceipmarianao\/wp-content\/uploads\/usu17\/2025\/03\/11.png 1080w\" sizes=\"auto, (max-width: 500px) 100vw, 500px\" \/><\/a><a href=\"https:\/\/agora.xtec.cat\/ceipmarianao\/wp-content\/uploads\/usu17\/2025\/03\/10.jpg\"><img loading=\"lazy\" decoding=\"async\" class=\"aligncenter  wp-image-5304\" src=\"https:\/\/agora.xtec.cat\/ceipmarianao\/wp-content\/uploads\/usu17\/2025\/03\/10-300x300.jpg\" alt=\"\" width=\"500\" height=\"500\" srcset=\"https:\/\/agora.xtec.cat\/ceipmarianao\/wp-content\/uploads\/usu17\/2025\/03\/10-300x300.jpg 300w, https:\/\/agora.xtec.cat\/ceipmarianao\/wp-content\/uploads\/usu17\/2025\/03\/10-150x150.jpg 150w, https:\/\/agora.xtec.cat\/ceipmarianao\/wp-content\/uploads\/usu17\/2025\/03\/10.jpg 540w\" sizes=\"auto, (max-width: 500px) 100vw, 500px\" \/><\/a><\/p>\n","protected":false},"excerpt":{"rendered":"<p>El 8 de mar\u00e7 \u00e9s la jornada de commemoraci\u00f3 del Dia Internacional de les Dones. Des de l\u2019escola creiem en la necessitat de treballar la coeducaci\u00f3 i la perspectiva de g\u00e8nere com a mirada integrada en el Projecte Educatiu de Centre. Aquest curs, des del&hellip;  <a href=\"https:\/\/agora.xtec.cat\/ceipmarianao\/general\/8m-dia-internacional-de-les-dones\/\" title=\"Read 8M &#8211; Dia Internacional de les Dones\">Llegeix m\u00e9s\u00bb<\/a><\/p>\n","protected":false},"author":3,"featured_media":0,"comment_status":"closed","ping_status":"closed","sticky":false,"template":"","format":"standard","meta":{"_bbp_topic_count":0,"_bbp_reply_count":0,"_bbp_total_topic_count":0,"_bbp_total_reply_count":0,"_bbp_voice_count":0,"_bbp_anonymous_reply_count":0,"_bbp_topic_count_hidden":0,"_bbp_reply_count_hidden":0,"_bbp_forum_subforum_count":0,"footnotes":""},"categories":[1,28,4],"tags":[],"class_list":["post-5300","post","type-post","status-publish","format-standard","hentry","category-general","category-noticies-portada","category-portada"],"post_mailing_queue_ids":[],"_links":{"self":[{"href":"https:\/\/agora.xtec.cat\/ceipmarianao\/wp-json\/wp\/v2\/posts\/5300","targetHints":{"allow":["GET"]}}],"collection":[{"href":"https:\/\/agora.xtec.cat\/ceipmarianao\/wp-json\/wp\/v2\/posts"}],"about":[{"href":"https:\/\/agora.xtec.cat\/ceipmarianao\/wp-json\/wp\/v2\/types\/post"}],"author":[{"embeddable":true,"href":"https:\/\/agora.xtec.cat\/ceipmarianao\/wp-json\/wp\/v2\/users\/3"}],"replies":[{"embeddable":true,"href":"https:\/\/agora.xtec.cat\/ceipmarianao\/wp-json\/wp\/v2\/comments?post=5300"}],"version-history":[{"count":3,"href":"https:\/\/agora.xtec.cat\/ceipmarianao\/wp-json\/wp\/v2\/posts\/5300\/revisions"}],"predecessor-version":[{"id":5305,"href":"https:\/\/agora.xtec.cat\/ceipmarianao\/wp-json\/wp\/v2\/posts\/5300\/revisions\/5305"}],"wp:attachment":[{"href":"https:\/\/agora.xtec.cat\/ceipmarianao\/wp-json\/wp\/v2\/media?parent=5300"}],"wp:term":[{"taxonomy":"category","embeddable":true,"href":"https:\/\/agora.xtec.cat\/ceipmarianao\/wp-json\/wp\/v2\/categories?post=5300"},{"taxonomy":"post_tag","embeddable":true,"href":"https:\/\/agora.xtec.cat\/ceipmarianao\/wp-json\/wp\/v2\/tags?post=5300"}],"curies":[{"name":"wp","href":"https:\/\/api.w.org\/{rel}","templated":true}]}}