{"id":5277,"date":"2025-02-24T16:58:37","date_gmt":"2025-02-24T15:58:37","guid":{"rendered":"https:\/\/agora.xtec.cat\/ceipmarianao\/?p=5277"},"modified":"2025-02-28T17:33:13","modified_gmt":"2025-02-28T16:33:13","slug":"carnaval-i-disfresses-escola-2025","status":"publish","type":"post","link":"https:\/\/agora.xtec.cat\/ceipmarianao\/general\/carnaval-i-disfresses-escola-2025\/","title":{"rendered":"CARNAVAL I DISFRESSES ESCOLA 2025"},"content":{"rendered":"<p style=\"text-align: justify;\">El divendres 28 de febrer, a la tarda, celebrarem el Carnaval a l&#8217;interior de l&#8217;escola, a la pista gran del pati de prim\u00e0ria, i ens ho passarem genial!<\/p>\n<p style=\"text-align: center;\"><a href=\"https:\/\/agora.xtec.cat\/ceipmarianao\/wp-content\/uploads\/usu17\/2025\/02\/Programa.png\"><img loading=\"lazy\" decoding=\"async\" class=\"aligncenter size-medium wp-image-5285\" src=\"https:\/\/agora.xtec.cat\/ceipmarianao\/wp-content\/uploads\/usu17\/2025\/02\/Programa-300x213.png\" alt=\"\" width=\"300\" height=\"213\" srcset=\"https:\/\/agora.xtec.cat\/ceipmarianao\/wp-content\/uploads\/usu17\/2025\/02\/Programa-300x213.png 300w, https:\/\/agora.xtec.cat\/ceipmarianao\/wp-content\/uploads\/usu17\/2025\/02\/Programa-1024x728.png 1024w, https:\/\/agora.xtec.cat\/ceipmarianao\/wp-content\/uploads\/usu17\/2025\/02\/Programa-768x546.png 768w, https:\/\/agora.xtec.cat\/ceipmarianao\/wp-content\/uploads\/usu17\/2025\/02\/Programa.png 1291w\" sizes=\"auto, (max-width: 300px) 100vw, 300px\" \/><\/a><a href=\"https:\/\/agora.xtec.cat\/ceipmarianao\/wp-content\/uploads\/usu17\/2025\/02\/Programa2.png\"><img loading=\"lazy\" decoding=\"async\" class=\"aligncenter size-medium wp-image-5286\" src=\"https:\/\/agora.xtec.cat\/ceipmarianao\/wp-content\/uploads\/usu17\/2025\/02\/Programa2-300x213.png\" alt=\"\" width=\"300\" height=\"213\" srcset=\"https:\/\/agora.xtec.cat\/ceipmarianao\/wp-content\/uploads\/usu17\/2025\/02\/Programa2-300x213.png 300w, https:\/\/agora.xtec.cat\/ceipmarianao\/wp-content\/uploads\/usu17\/2025\/02\/Programa2-1024x727.png 1024w, https:\/\/agora.xtec.cat\/ceipmarianao\/wp-content\/uploads\/usu17\/2025\/02\/Programa2-768x545.png 768w, https:\/\/agora.xtec.cat\/ceipmarianao\/wp-content\/uploads\/usu17\/2025\/02\/Programa2.png 1291w\" sizes=\"auto, (max-width: 300px) 100vw, 300px\" \/><\/a><\/p>\n<p style=\"text-align: justify;\">La disfressa estar\u00e0 relacionada amb &#8220;Els i les youtubers&#8221;, per\u00f2 no obligat\u00f2riament amb el nom de la classe, tot i que seria ideal. Recordeu que, de vegades, la millor disfressa \u00e9s aquella que ha estat elaborada conjuntament per pares, mares, nens i nenes&#8230; i que amb una camisa vella, cartr\u00f3, paper i una mica d\u2019imaginaci\u00f3 es poden aconseguir veritables meravelles.<\/p>\n<p>Aquest any, a m\u00e9s, el Carnestoltes venia amb una carta del Marianet, qui ens animava a aprendre&#8217;ns un ball per a ballar amb ell el dia de la rua.<\/p>\n<p style=\"text-align: center;\"><a href=\"https:\/\/agora.xtec.cat\/ceipmarianao\/wp-content\/uploads\/usu17\/2025\/02\/Carta-Marianet.jpg\"><img loading=\"lazy\" decoding=\"async\" class=\"aligncenter wp-image-5290\" src=\"https:\/\/agora.xtec.cat\/ceipmarianao\/wp-content\/uploads\/usu17\/2025\/02\/Carta-Marianet-212x300.jpg\" alt=\"\" width=\"250\" height=\"354\" srcset=\"https:\/\/agora.xtec.cat\/ceipmarianao\/wp-content\/uploads\/usu17\/2025\/02\/Carta-Marianet-212x300.jpg 212w, https:\/\/agora.xtec.cat\/ceipmarianao\/wp-content\/uploads\/usu17\/2025\/02\/Carta-Marianet-724x1024.jpg 724w, https:\/\/agora.xtec.cat\/ceipmarianao\/wp-content\/uploads\/usu17\/2025\/02\/Carta-Marianet-768x1086.jpg 768w, https:\/\/agora.xtec.cat\/ceipmarianao\/wp-content\/uploads\/usu17\/2025\/02\/Carta-Marianet-1086x1536.jpg 1086w, https:\/\/agora.xtec.cat\/ceipmarianao\/wp-content\/uploads\/usu17\/2025\/02\/Carta-Marianet.jpg 1414w\" sizes=\"auto, (max-width: 250px) 100vw, 250px\" \/><\/a><\/p>\n<p style=\"text-align: justify;\">Ja ha arribat el Carnestoltes, el rei dels poca-soltes, i ha quedat inaugurada la setmana de Carnaval! Per a la seva rebuda, els nens i les nenes de prim\u00e0ria han elaborat un preg\u00f3:<\/p>\n<p style=\"text-align: center;\"><a href=\"https:\/\/agora.xtec.cat\/ceipmarianao\/wp-content\/uploads\/usu17\/2025\/02\/1.jpg\"><img loading=\"lazy\" decoding=\"async\" class=\"aligncenter wp-image-5281\" src=\"https:\/\/agora.xtec.cat\/ceipmarianao\/wp-content\/uploads\/usu17\/2025\/02\/1-212x300.jpg\" alt=\"\" width=\"250\" height=\"354\" srcset=\"https:\/\/agora.xtec.cat\/ceipmarianao\/wp-content\/uploads\/usu17\/2025\/02\/1-212x300.jpg 212w, https:\/\/agora.xtec.cat\/ceipmarianao\/wp-content\/uploads\/usu17\/2025\/02\/1-724x1024.jpg 724w, https:\/\/agora.xtec.cat\/ceipmarianao\/wp-content\/uploads\/usu17\/2025\/02\/1-768x1086.jpg 768w, https:\/\/agora.xtec.cat\/ceipmarianao\/wp-content\/uploads\/usu17\/2025\/02\/1-1086x1536.jpg 1086w, https:\/\/agora.xtec.cat\/ceipmarianao\/wp-content\/uploads\/usu17\/2025\/02\/1.jpg 1414w\" sizes=\"auto, (max-width: 250px) 100vw, 250px\" \/><\/a> <a href=\"https:\/\/agora.xtec.cat\/ceipmarianao\/wp-content\/uploads\/usu17\/2025\/02\/2.jpg\"><img loading=\"lazy\" decoding=\"async\" class=\"aligncenter wp-image-5282\" src=\"https:\/\/agora.xtec.cat\/ceipmarianao\/wp-content\/uploads\/usu17\/2025\/02\/2-212x300.jpg\" alt=\"\" width=\"250\" height=\"354\" srcset=\"https:\/\/agora.xtec.cat\/ceipmarianao\/wp-content\/uploads\/usu17\/2025\/02\/2-212x300.jpg 212w, https:\/\/agora.xtec.cat\/ceipmarianao\/wp-content\/uploads\/usu17\/2025\/02\/2-724x1024.jpg 724w, https:\/\/agora.xtec.cat\/ceipmarianao\/wp-content\/uploads\/usu17\/2025\/02\/2-768x1086.jpg 768w, https:\/\/agora.xtec.cat\/ceipmarianao\/wp-content\/uploads\/usu17\/2025\/02\/2-1086x1536.jpg 1086w, https:\/\/agora.xtec.cat\/ceipmarianao\/wp-content\/uploads\/usu17\/2025\/02\/2.jpg 1414w\" sizes=\"auto, (max-width: 250px) 100vw, 250px\" \/><\/a> <a href=\"https:\/\/agora.xtec.cat\/ceipmarianao\/wp-content\/uploads\/usu17\/2025\/02\/3.jpg\"><img loading=\"lazy\" decoding=\"async\" class=\"aligncenter wp-image-5283\" src=\"https:\/\/agora.xtec.cat\/ceipmarianao\/wp-content\/uploads\/usu17\/2025\/02\/3-212x300.jpg\" alt=\"\" width=\"250\" height=\"354\" srcset=\"https:\/\/agora.xtec.cat\/ceipmarianao\/wp-content\/uploads\/usu17\/2025\/02\/3-212x300.jpg 212w, https:\/\/agora.xtec.cat\/ceipmarianao\/wp-content\/uploads\/usu17\/2025\/02\/3-724x1024.jpg 724w, https:\/\/agora.xtec.cat\/ceipmarianao\/wp-content\/uploads\/usu17\/2025\/02\/3-768x1086.jpg 768w, https:\/\/agora.xtec.cat\/ceipmarianao\/wp-content\/uploads\/usu17\/2025\/02\/3-1086x1536.jpg 1086w, https:\/\/agora.xtec.cat\/ceipmarianao\/wp-content\/uploads\/usu17\/2025\/02\/3.jpg 1414w\" sizes=\"auto, (max-width: 250px) 100vw, 250px\" \/><\/a><a href=\"https:\/\/agora.xtec.cat\/ceipmarianao\/wp-content\/uploads\/usu17\/2025\/02\/4.jpg\"><img loading=\"lazy\" decoding=\"async\" class=\"aligncenter wp-image-5284\" src=\"https:\/\/agora.xtec.cat\/ceipmarianao\/wp-content\/uploads\/usu17\/2025\/02\/4-212x300.jpg\" alt=\"\" width=\"250\" height=\"354\" srcset=\"https:\/\/agora.xtec.cat\/ceipmarianao\/wp-content\/uploads\/usu17\/2025\/02\/4-212x300.jpg 212w, https:\/\/agora.xtec.cat\/ceipmarianao\/wp-content\/uploads\/usu17\/2025\/02\/4-724x1024.jpg 724w, https:\/\/agora.xtec.cat\/ceipmarianao\/wp-content\/uploads\/usu17\/2025\/02\/4-768x1086.jpg 768w, https:\/\/agora.xtec.cat\/ceipmarianao\/wp-content\/uploads\/usu17\/2025\/02\/4-1086x1536.jpg 1086w, https:\/\/agora.xtec.cat\/ceipmarianao\/wp-content\/uploads\/usu17\/2025\/02\/4.jpg 1414w\" sizes=\"auto, (max-width: 250px) 100vw, 250px\" \/><\/a><\/p>\n<p style=\"text-align: justify;\">Per al seu comiat els infants d&#8217;I5 han fet una carta:<\/p>\n<p style=\"text-align: center;\"><a href=\"https:\/\/agora.xtec.cat\/ceipmarianao\/wp-content\/uploads\/usu17\/2025\/02\/Comiat.png\"><img loading=\"lazy\" decoding=\"async\" class=\"aligncenter wp-image-5292\" src=\"https:\/\/agora.xtec.cat\/ceipmarianao\/wp-content\/uploads\/usu17\/2025\/02\/Comiat-212x300.png\" alt=\"\" width=\"250\" height=\"354\" srcset=\"https:\/\/agora.xtec.cat\/ceipmarianao\/wp-content\/uploads\/usu17\/2025\/02\/Comiat-212x300.png 212w, https:\/\/agora.xtec.cat\/ceipmarianao\/wp-content\/uploads\/usu17\/2025\/02\/Comiat.png 707w\" sizes=\"auto, (max-width: 250px) 100vw, 250px\" \/><\/a><\/p>\n","protected":false},"excerpt":{"rendered":"<p>El divendres 28 de febrer, a la tarda, celebrarem el Carnaval a l&#8217;interior de l&#8217;escola, a la pista gran del pati de prim\u00e0ria, i ens ho passarem genial!<br \/>\n<a href=\"https:\/\/agora.xtec.cat\/ceipmarianao\/wp-content\/uploads\/usu17\/2025\/02\/Programa.png\"><\/a><a href=\"https:\/\/agora.xtec.cat\/ceipmarianao\/wp-content\/uploads\/usu17\/2025\/02\/Programa2.png\"><\/a><br \/>\nLa disfressa estar\u00e0 relacionada amb &#8220;Els i les youtubers&#8221;, per\u00f2 no obligat\u00f2riament amb el nom de&hellip;  <a href=\"https:\/\/agora.xtec.cat\/ceipmarianao\/general\/carnaval-i-disfresses-escola-2025\/\" title=\"Read CARNAVAL I DISFRESSES ESCOLA 2025\">Llegeix m\u00e9s\u00bb<\/a><\/p>\n","protected":false},"author":3,"featured_media":0,"comment_status":"closed","ping_status":"closed","sticky":false,"template":"","format":"standard","meta":{"_bbp_topic_count":0,"_bbp_reply_count":0,"_bbp_total_topic_count":0,"_bbp_total_reply_count":0,"_bbp_voice_count":0,"_bbp_anonymous_reply_count":0,"_bbp_topic_count_hidden":0,"_bbp_reply_count_hidden":0,"_bbp_forum_subforum_count":0,"footnotes":""},"categories":[1,28,4],"tags":[],"class_list":["post-5277","post","type-post","status-publish","format-standard","hentry","category-general","category-noticies-portada","category-portada"],"post_mailing_queue_ids":[],"_links":{"self":[{"href":"https:\/\/agora.xtec.cat\/ceipmarianao\/wp-json\/wp\/v2\/posts\/5277","targetHints":{"allow":["GET"]}}],"collection":[{"href":"https:\/\/agora.xtec.cat\/ceipmarianao\/wp-json\/wp\/v2\/posts"}],"about":[{"href":"https:\/\/agora.xtec.cat\/ceipmarianao\/wp-json\/wp\/v2\/types\/post"}],"author":[{"embeddable":true,"href":"https:\/\/agora.xtec.cat\/ceipmarianao\/wp-json\/wp\/v2\/users\/3"}],"replies":[{"embeddable":true,"href":"https:\/\/agora.xtec.cat\/ceipmarianao\/wp-json\/wp\/v2\/comments?post=5277"}],"version-history":[{"count":6,"href":"https:\/\/agora.xtec.cat\/ceipmarianao\/wp-json\/wp\/v2\/posts\/5277\/revisions"}],"predecessor-version":[{"id":5295,"href":"https:\/\/agora.xtec.cat\/ceipmarianao\/wp-json\/wp\/v2\/posts\/5277\/revisions\/5295"}],"wp:attachment":[{"href":"https:\/\/agora.xtec.cat\/ceipmarianao\/wp-json\/wp\/v2\/media?parent=5277"}],"wp:term":[{"taxonomy":"category","embeddable":true,"href":"https:\/\/agora.xtec.cat\/ceipmarianao\/wp-json\/wp\/v2\/categories?post=5277"},{"taxonomy":"post_tag","embeddable":true,"href":"https:\/\/agora.xtec.cat\/ceipmarianao\/wp-json\/wp\/v2\/tags?post=5277"}],"curies":[{"name":"wp","href":"https:\/\/api.w.org\/{rel}","templated":true}]}}