{"id":5233,"date":"2025-01-30T16:30:09","date_gmt":"2025-01-30T15:30:09","guid":{"rendered":"https:\/\/agora.xtec.cat\/ceipmarianao\/?p=5233"},"modified":"2025-01-30T16:32:35","modified_gmt":"2025-01-30T15:32:35","slug":"dia-escolar-de-la-no-violencia-i-la-pau-denip-2","status":"publish","type":"post","link":"https:\/\/agora.xtec.cat\/ceipmarianao\/general\/dia-escolar-de-la-no-violencia-i-la-pau-denip-2\/","title":{"rendered":"DIA ESCOLAR DE LA NO-VIOL\u00c8NCIA I LA PAU (DENIP)"},"content":{"rendered":"<p style=\"text-align: justify;\">Avui, dimarts 30 de gener, hem celebrat el <strong><u>Dia Escolar de la No-viol\u00e8ncia i la Pau<\/u><\/strong>.<\/p>\n<p style=\"text-align: justify;\">Durant aquesta setmana, hem volgut donar-li visibilitat a aquest dia a l\u2019escola, visualitzant diferents v\u00eddeos espec\u00edfics i realitzant, posteriorment, una conversa-reflexi\u00f3, guiada pels tutors i tutores, amb els nens i nenes:<\/p>\n<div>\n<p style=\"text-align: justify;\"><strong><u>CICLE D&#8217;EDUCACI\u00d3 INFANTIL<\/u><\/strong><\/p>\n<p style=\"text-align: justify;\">Visualitzaci\u00f3 i posterior conversa-reflexi\u00f3 grupal del conte <a href=\"https:\/\/www.3cat.cat\/tv3\/sx3\/volem-la-pau-\/video\/6201224\/\">Vo<\/a><a href=\"https:\/\/www.3cat.cat\/tv3\/sx3\/volem-la-pau-\/video\/6201224\/\">lem<\/a><a href=\"https:\/\/www.3cat.cat\/tv3\/sx3\/volem-la-pau-\/video\/6201224\/\"> la\u00a0pau<\/a><strong>,\u00a0<\/strong>d&#8217; &#8220;Una m\u00e0 de contes&#8221;.<\/p>\n<p style=\"text-align: justify;\"><strong><u>CICLE INICIAL<\/u><\/strong><\/p>\n<p style=\"text-align: justify;\">Visualitzaci\u00f3 i posterior conversa-reflexi\u00f3 grupal del conte\u00a0<a href=\"https:\/\/www.3cat.cat\/tv3\/sx3\/la-guerra-dels-peixos\/video\/166505806\/\">La guerra dels peixos<\/a>, d&#8217; &#8220;Una m\u00e0 de contes&#8221;.<\/p>\n<p style=\"text-align: justify;\"><strong><u>CICLE MITJ\u00c0<\/u><\/strong><\/p>\n<p style=\"text-align: justify;\">Visualitzaci\u00f3 i posterior conversa-reflexi\u00f3 grupal del curtmetratge de Pixar\u00a0<a href=\"https:\/\/www.youtube.com\/watch?v=01GY7zYN-ps\">L&#8217;home Orquestra.<\/a><\/p>\n<p style=\"text-align: justify;\"><strong><u>CICLE SUPERIOR<\/u><\/strong><\/p>\n<p style=\"text-align: justify;\">Visualitzaci\u00f3 i posterior conversa-reflexi\u00f3 grupal del v\u00eddeo\u00a0<a href=\"https:\/\/www.youtube.com\/watch?v=0JqlcbMJGUU\">Conflicte.<\/a><\/p>\n<p style=\"text-align: justify;\">A la tarda, a m\u00e9s a m\u00e9s, entre tots i totes hem elaborat el s\u00edmbol de la pau\u00a0 i la paraula PAU i ens ha quedat d&#8217;all\u00f2 m\u00e9s b\u00e9!<\/p>\n<p><a href=\"https:\/\/agora.xtec.cat\/ceipmarianao\/wp-content\/uploads\/usu17\/2025\/01\/DENIP-2.png\"><img loading=\"lazy\" decoding=\"async\" class=\"aligncenter wp-image-5237\" src=\"https:\/\/agora.xtec.cat\/ceipmarianao\/wp-content\/uploads\/usu17\/2025\/01\/DENIP-2-240x300.png\" alt=\"\" width=\"500\" height=\"625\" srcset=\"https:\/\/agora.xtec.cat\/ceipmarianao\/wp-content\/uploads\/usu17\/2025\/01\/DENIP-2-240x300.png 240w, https:\/\/agora.xtec.cat\/ceipmarianao\/wp-content\/uploads\/usu17\/2025\/01\/DENIP-2-819x1024.png 819w, https:\/\/agora.xtec.cat\/ceipmarianao\/wp-content\/uploads\/usu17\/2025\/01\/DENIP-2-768x960.png 768w, https:\/\/agora.xtec.cat\/ceipmarianao\/wp-content\/uploads\/usu17\/2025\/01\/DENIP-2.png 1080w\" sizes=\"auto, (max-width: 500px) 100vw, 500px\" \/><\/a><\/p>\n<\/div>\n","protected":false},"excerpt":{"rendered":"<p>Avui, dimarts 30 de gener, hem celebrat el Dia Escolar de la No-viol\u00e8ncia i la Pau.<br \/>\nDurant aquesta setmana, hem volgut donar-li visibilitat a aquest dia a l\u2019escola, visualitzant diferents v\u00eddeos espec\u00edfics i realitzant, posteriorment, una conversa-reflexi\u00f3, guiada pels tutors i tutores, amb els nens i&hellip;  <a href=\"https:\/\/agora.xtec.cat\/ceipmarianao\/general\/dia-escolar-de-la-no-violencia-i-la-pau-denip-2\/\" title=\"Read DIA ESCOLAR DE LA NO-VIOL\u00c8NCIA I LA PAU (DENIP)\">Llegeix m\u00e9s\u00bb<\/a><\/p>\n","protected":false},"author":3,"featured_media":0,"comment_status":"closed","ping_status":"closed","sticky":false,"template":"","format":"standard","meta":{"_bbp_topic_count":0,"_bbp_reply_count":0,"_bbp_total_topic_count":0,"_bbp_total_reply_count":0,"_bbp_voice_count":0,"_bbp_anonymous_reply_count":0,"_bbp_topic_count_hidden":0,"_bbp_reply_count_hidden":0,"_bbp_forum_subforum_count":0,"footnotes":""},"categories":[1,28,4],"tags":[],"class_list":["post-5233","post","type-post","status-publish","format-standard","hentry","category-general","category-noticies-portada","category-portada"],"post_mailing_queue_ids":[],"_links":{"self":[{"href":"https:\/\/agora.xtec.cat\/ceipmarianao\/wp-json\/wp\/v2\/posts\/5233","targetHints":{"allow":["GET"]}}],"collection":[{"href":"https:\/\/agora.xtec.cat\/ceipmarianao\/wp-json\/wp\/v2\/posts"}],"about":[{"href":"https:\/\/agora.xtec.cat\/ceipmarianao\/wp-json\/wp\/v2\/types\/post"}],"author":[{"embeddable":true,"href":"https:\/\/agora.xtec.cat\/ceipmarianao\/wp-json\/wp\/v2\/users\/3"}],"replies":[{"embeddable":true,"href":"https:\/\/agora.xtec.cat\/ceipmarianao\/wp-json\/wp\/v2\/comments?post=5233"}],"version-history":[{"count":4,"href":"https:\/\/agora.xtec.cat\/ceipmarianao\/wp-json\/wp\/v2\/posts\/5233\/revisions"}],"predecessor-version":[{"id":5243,"href":"https:\/\/agora.xtec.cat\/ceipmarianao\/wp-json\/wp\/v2\/posts\/5233\/revisions\/5243"}],"wp:attachment":[{"href":"https:\/\/agora.xtec.cat\/ceipmarianao\/wp-json\/wp\/v2\/media?parent=5233"}],"wp:term":[{"taxonomy":"category","embeddable":true,"href":"https:\/\/agora.xtec.cat\/ceipmarianao\/wp-json\/wp\/v2\/categories?post=5233"},{"taxonomy":"post_tag","embeddable":true,"href":"https:\/\/agora.xtec.cat\/ceipmarianao\/wp-json\/wp\/v2\/tags?post=5233"}],"curies":[{"name":"wp","href":"https:\/\/api.w.org\/{rel}","templated":true}]}}