{"id":5229,"date":"2025-01-24T16:27:02","date_gmt":"2025-01-24T15:27:02","guid":{"rendered":"https:\/\/agora.xtec.cat\/ceipmarianao\/?p=5229"},"modified":"2025-02-24T16:30:08","modified_gmt":"2025-02-24T15:30:08","slug":"jornada-de-portes-obertes-i-preinscripcio-2024-2025","status":"publish","type":"post","link":"https:\/\/agora.xtec.cat\/ceipmarianao\/general\/jornada-de-portes-obertes-i-preinscripcio-2024-2025\/","title":{"rendered":"JORNADA DE PORTES OBERTES I PREINSCRIPCI\u00d3 2025-2026"},"content":{"rendered":"<p style=\"text-align: justify;\">Properament, hi afegirem un altre article amb informaci\u00f3 d&#8217;inter\u00e8s relativa a l&#8217;escola i al proc\u00e9s de preinscripci\u00f3 i amb el formulari d&#8217;inscripci\u00f3 per a assistir a la jornada de portes obertes del divendres 21 de febrer.<\/p>\n<p style=\"text-align: center;\"><a href=\"https:\/\/agora.xtec.cat\/ceipmarianao\/wp-content\/uploads\/usu17\/2025\/01\/PUBLICACIO-PORTES-OBERTES.png\"><img loading=\"lazy\" decoding=\"async\" class=\"aligncenter wp-image-5230\" src=\"https:\/\/agora.xtec.cat\/ceipmarianao\/wp-content\/uploads\/usu17\/2025\/01\/PUBLICACIO-PORTES-OBERTES-300x300.png\" alt=\"\" width=\"700\" height=\"700\" srcset=\"https:\/\/agora.xtec.cat\/ceipmarianao\/wp-content\/uploads\/usu17\/2025\/01\/PUBLICACIO-PORTES-OBERTES-300x300.png 300w, https:\/\/agora.xtec.cat\/ceipmarianao\/wp-content\/uploads\/usu17\/2025\/01\/PUBLICACIO-PORTES-OBERTES-1024x1024.png 1024w, https:\/\/agora.xtec.cat\/ceipmarianao\/wp-content\/uploads\/usu17\/2025\/01\/PUBLICACIO-PORTES-OBERTES-150x150.png 150w, https:\/\/agora.xtec.cat\/ceipmarianao\/wp-content\/uploads\/usu17\/2025\/01\/PUBLICACIO-PORTES-OBERTES-768x768.png 768w, https:\/\/agora.xtec.cat\/ceipmarianao\/wp-content\/uploads\/usu17\/2025\/01\/PUBLICACIO-PORTES-OBERTES.png 1080w\" sizes=\"auto, (max-width: 700px) 100vw, 700px\" \/><\/a><\/p>\n","protected":false},"excerpt":{"rendered":"<p>Properament, hi afegirem un altre article amb informaci\u00f3 d&#8217;inter\u00e8s relativa a l&#8217;escola i al proc\u00e9s de preinscripci\u00f3 i amb el formulari d&#8217;inscripci\u00f3 per a assistir a la jornada de portes obertes del divendres 21 de febrer.<br \/>\n<a href=\"https:\/\/agora.xtec.cat\/ceipmarianao\/wp-content\/uploads\/usu17\/2025\/01\/PUBLICACIO-PORTES-OBERTES.png\"><\/a><\/p>\n","protected":false},"author":3,"featured_media":0,"comment_status":"closed","ping_status":"closed","sticky":false,"template":"","format":"standard","meta":{"_bbp_topic_count":0,"_bbp_reply_count":0,"_bbp_total_topic_count":0,"_bbp_total_reply_count":0,"_bbp_voice_count":0,"_bbp_anonymous_reply_count":0,"_bbp_topic_count_hidden":0,"_bbp_reply_count_hidden":0,"_bbp_forum_subforum_count":0,"footnotes":""},"categories":[1,28,4],"tags":[],"class_list":["post-5229","post","type-post","status-publish","format-standard","hentry","category-general","category-noticies-portada","category-portada"],"post_mailing_queue_ids":[],"_links":{"self":[{"href":"https:\/\/agora.xtec.cat\/ceipmarianao\/wp-json\/wp\/v2\/posts\/5229","targetHints":{"allow":["GET"]}}],"collection":[{"href":"https:\/\/agora.xtec.cat\/ceipmarianao\/wp-json\/wp\/v2\/posts"}],"about":[{"href":"https:\/\/agora.xtec.cat\/ceipmarianao\/wp-json\/wp\/v2\/types\/post"}],"author":[{"embeddable":true,"href":"https:\/\/agora.xtec.cat\/ceipmarianao\/wp-json\/wp\/v2\/users\/3"}],"replies":[{"embeddable":true,"href":"https:\/\/agora.xtec.cat\/ceipmarianao\/wp-json\/wp\/v2\/comments?post=5229"}],"version-history":[{"count":2,"href":"https:\/\/agora.xtec.cat\/ceipmarianao\/wp-json\/wp\/v2\/posts\/5229\/revisions"}],"predecessor-version":[{"id":5264,"href":"https:\/\/agora.xtec.cat\/ceipmarianao\/wp-json\/wp\/v2\/posts\/5229\/revisions\/5264"}],"wp:attachment":[{"href":"https:\/\/agora.xtec.cat\/ceipmarianao\/wp-json\/wp\/v2\/media?parent=5229"}],"wp:term":[{"taxonomy":"category","embeddable":true,"href":"https:\/\/agora.xtec.cat\/ceipmarianao\/wp-json\/wp\/v2\/categories?post=5229"},{"taxonomy":"post_tag","embeddable":true,"href":"https:\/\/agora.xtec.cat\/ceipmarianao\/wp-json\/wp\/v2\/tags?post=5229"}],"curies":[{"name":"wp","href":"https:\/\/api.w.org\/{rel}","templated":true}]}}