{"id":5217,"date":"2024-12-19T16:12:43","date_gmt":"2024-12-19T15:12:43","guid":{"rendered":"https:\/\/agora.xtec.cat\/ceipmarianao\/?p=5217"},"modified":"2024-12-19T16:12:43","modified_gmt":"2024-12-19T15:12:43","slug":"ultim-dia-primer-trimestre","status":"publish","type":"post","link":"https:\/\/agora.xtec.cat\/ceipmarianao\/general\/ultim-dia-primer-trimestre\/","title":{"rendered":"\u00daLTIM DIA PRIMER TRIMESTRE"},"content":{"rendered":"<p><strong>Dem\u00e0, divendres 20 de desembre<\/strong>, \u00faltim dia del primer trimestre, es far\u00e0 jornada intensiva, <strong>de 9h a 13h<\/strong>.<\/p>\n<p>Tots els nens i nenes que s\u00ed que faran \u00fas del servei de menjador sortiran per la porta del c. Xiprers entre les 15:15h i les 15:30h.<\/p>\n<p>Us recordem, tamb\u00e9, que hi haur\u00e0 la possibilitat de fer \u00fas del servei d&#8217;acollida de tarda, de 15:30 h a 16:30 h. En aquest cas els infants tamb\u00e9 sortiran per la porta del c.Xiprers. Les fam\u00edlies interessades s&#8217;haurien d&#8217;haver adre\u00e7at a la coordinadora del servei de menjador.<\/p>\n<p>Les classes es reprendran el <strong>dimecres 8 de gener de 2025<\/strong>.<\/p>\n<p>Els infants d&#8217;Educaci\u00f3 Infantil i Cicle Inicial (d&#8217;I3 a 2n) aquest dia podran portar una joguina per a compartir amb els companys i companyes (eviteu que siguin joguines fr\u00e0gils o amb peces que es puguin extraviar).<\/p>\n","protected":false},"excerpt":{"rendered":"<p>Dem\u00e0, divendres 20 de desembre, \u00faltim dia del primer trimestre, es far\u00e0 jornada intensiva, de 9h a 13h.<br \/>\nTots els nens i nenes que s\u00ed que faran \u00fas del servei de menjador sortiran per la porta del c. Xiprers entre les 15:15h i les 15:30h.<br \/>\nUs recordem,&hellip;  <a href=\"https:\/\/agora.xtec.cat\/ceipmarianao\/general\/ultim-dia-primer-trimestre\/\" title=\"Read \u00daLTIM DIA PRIMER TRIMESTRE\">Llegeix m\u00e9s\u00bb<\/a><\/p>\n","protected":false},"author":3,"featured_media":0,"comment_status":"closed","ping_status":"closed","sticky":false,"template":"","format":"standard","meta":{"_bbp_topic_count":0,"_bbp_reply_count":0,"_bbp_total_topic_count":0,"_bbp_total_reply_count":0,"_bbp_voice_count":0,"_bbp_anonymous_reply_count":0,"_bbp_topic_count_hidden":0,"_bbp_reply_count_hidden":0,"_bbp_forum_subforum_count":0,"footnotes":""},"categories":[1,28,4],"tags":[],"class_list":["post-5217","post","type-post","status-publish","format-standard","hentry","category-general","category-noticies-portada","category-portada"],"post_mailing_queue_ids":[],"_links":{"self":[{"href":"https:\/\/agora.xtec.cat\/ceipmarianao\/wp-json\/wp\/v2\/posts\/5217","targetHints":{"allow":["GET"]}}],"collection":[{"href":"https:\/\/agora.xtec.cat\/ceipmarianao\/wp-json\/wp\/v2\/posts"}],"about":[{"href":"https:\/\/agora.xtec.cat\/ceipmarianao\/wp-json\/wp\/v2\/types\/post"}],"author":[{"embeddable":true,"href":"https:\/\/agora.xtec.cat\/ceipmarianao\/wp-json\/wp\/v2\/users\/3"}],"replies":[{"embeddable":true,"href":"https:\/\/agora.xtec.cat\/ceipmarianao\/wp-json\/wp\/v2\/comments?post=5217"}],"version-history":[{"count":1,"href":"https:\/\/agora.xtec.cat\/ceipmarianao\/wp-json\/wp\/v2\/posts\/5217\/revisions"}],"predecessor-version":[{"id":5218,"href":"https:\/\/agora.xtec.cat\/ceipmarianao\/wp-json\/wp\/v2\/posts\/5217\/revisions\/5218"}],"wp:attachment":[{"href":"https:\/\/agora.xtec.cat\/ceipmarianao\/wp-json\/wp\/v2\/media?parent=5217"}],"wp:term":[{"taxonomy":"category","embeddable":true,"href":"https:\/\/agora.xtec.cat\/ceipmarianao\/wp-json\/wp\/v2\/categories?post=5217"},{"taxonomy":"post_tag","embeddable":true,"href":"https:\/\/agora.xtec.cat\/ceipmarianao\/wp-json\/wp\/v2\/tags?post=5217"}],"curies":[{"name":"wp","href":"https:\/\/api.w.org\/{rel}","templated":true}]}}