{"id":5208,"date":"2024-12-11T13:41:57","date_gmt":"2024-12-11T12:41:57","guid":{"rendered":"https:\/\/agora.xtec.cat\/ceipmarianao\/?p=5208"},"modified":"2024-12-11T13:42:28","modified_gmt":"2024-12-11T12:42:28","slug":"concert-de-nadal-2024","status":"publish","type":"post","link":"https:\/\/agora.xtec.cat\/ceipmarianao\/general\/concert-de-nadal-2024\/","title":{"rendered":"CONCERT DE NADAL 2024"},"content":{"rendered":"<p style=\"text-align: center;\"><a href=\"https:\/\/agora.xtec.cat\/ceipmarianao\/wp-content\/uploads\/usu17\/2024\/12\/Programa-concert-Nadal-2024_page-0001.jpg\"><img loading=\"lazy\" decoding=\"async\" class=\"aligncenter wp-image-5210\" src=\"https:\/\/agora.xtec.cat\/ceipmarianao\/wp-content\/uploads\/usu17\/2024\/12\/Programa-concert-Nadal-2024_page-0001-300x212.jpg\" alt=\"\" width=\"500\" height=\"353\" srcset=\"https:\/\/agora.xtec.cat\/ceipmarianao\/wp-content\/uploads\/usu17\/2024\/12\/Programa-concert-Nadal-2024_page-0001-300x212.jpg 300w, https:\/\/agora.xtec.cat\/ceipmarianao\/wp-content\/uploads\/usu17\/2024\/12\/Programa-concert-Nadal-2024_page-0001-1024x724.jpg 1024w, https:\/\/agora.xtec.cat\/ceipmarianao\/wp-content\/uploads\/usu17\/2024\/12\/Programa-concert-Nadal-2024_page-0001-768x543.jpg 768w, https:\/\/agora.xtec.cat\/ceipmarianao\/wp-content\/uploads\/usu17\/2024\/12\/Programa-concert-Nadal-2024_page-0001-1536x1086.jpg 1536w, https:\/\/agora.xtec.cat\/ceipmarianao\/wp-content\/uploads\/usu17\/2024\/12\/Programa-concert-Nadal-2024_page-0001.jpg 1755w\" sizes=\"auto, (max-width: 500px) 100vw, 500px\" \/><\/a><\/p>\n<p style=\"text-align: center;\"><a href=\"https:\/\/agora.xtec.cat\/ceipmarianao\/wp-content\/uploads\/usu17\/2024\/12\/Programa-concert-Nadal-2024_page-0002.jpg\"><img loading=\"lazy\" decoding=\"async\" class=\"aligncenter wp-image-5211\" src=\"https:\/\/agora.xtec.cat\/ceipmarianao\/wp-content\/uploads\/usu17\/2024\/12\/Programa-concert-Nadal-2024_page-0002-300x212.jpg\" alt=\"\" width=\"500\" height=\"353\" srcset=\"https:\/\/agora.xtec.cat\/ceipmarianao\/wp-content\/uploads\/usu17\/2024\/12\/Programa-concert-Nadal-2024_page-0002-300x212.jpg 300w, https:\/\/agora.xtec.cat\/ceipmarianao\/wp-content\/uploads\/usu17\/2024\/12\/Programa-concert-Nadal-2024_page-0002-1024x724.jpg 1024w, https:\/\/agora.xtec.cat\/ceipmarianao\/wp-content\/uploads\/usu17\/2024\/12\/Programa-concert-Nadal-2024_page-0002-768x543.jpg 768w, https:\/\/agora.xtec.cat\/ceipmarianao\/wp-content\/uploads\/usu17\/2024\/12\/Programa-concert-Nadal-2024_page-0002-1536x1086.jpg 1536w, https:\/\/agora.xtec.cat\/ceipmarianao\/wp-content\/uploads\/usu17\/2024\/12\/Programa-concert-Nadal-2024_page-0002.jpg 1755w\" sizes=\"auto, (max-width: 500px) 100vw, 500px\" \/><\/a><\/p>\n<p style=\"text-align: justify;\">El concert de Nadal<strong>, <\/strong>tant de l&#8217;alumnat d&#8217;Infantil com del de Prim\u00e0ria, se celebrar\u00e0 <strong>el<\/strong> <strong>dijous 19 de desembre de 2024<\/strong>.<\/p>\n<p style=\"text-align: justify;\">Es far\u00e0 a l&#8217;Auditori del Parc Sanitari Sant Joan de D\u00e9u (s\u2019hi accedir\u00e0 pel carrer Pablo Picasso). Els i les alumnes d&#8217;Infantil hi aniran amb autocar i els i les alumnes de Prim\u00e0ria (de 1r a 6\u00e8) hi aniran caminant.<\/p>\n<p style=\"text-align: justify;\"><strong>Els infants d\u2019I3, d\u2019I4 i d\u2019I5, i els nois i noies de 6\u00e8 que presenten aquestes actuacions, hauran d\u2019estar a l\u2019escola a les 8:45h per a poder comen\u00e7ar el concert amb puntualitat.<\/strong><\/p>\n<p style=\"text-align: justify;\"><strong>CAP<\/strong><strong> INFANT NO PODR\u00c0 ASSISTIR A UNA ACTUACI\u00d3 DIFERENT A LA SEVA, JA QUE A L&#8217;ESCOLA HI HA PROGRAMADES ALTRES ACTIVITATS.<\/strong><\/p>\n<p style=\"text-align: justify;\">Les fam\u00edlies que tenen fills o filles a 5\u00e8 o 6\u00e8 i tamb\u00e9 a un altre grup podran recollir els de l\u2019altre grup quan acabi el concert. Els infants estaran a l&#8217;escola atesos pels tutors i per les tutores fins que arribeu a recollir-los.<\/p>\n<p style=\"text-align: justify;\"><a href=\"https:\/\/drive.google.com\/file\/d\/1ux892QadfENDKKkLSyooH1U1bTM8qqFt\/view?usp=sharing\">Vestuari<\/a><\/p>\n<p style=\"text-align: justify;\"><a href=\"https:\/\/drive.google.com\/file\/d\/1KSquJyrNMhaD0pBNjVGw_VBWv8kO9Ygk\/view?usp=sharing\">Horaris anades i tornades Escola-Auditori<\/a><\/p>\n<p style=\"text-align: justify;\"><strong>Desitgem que gaudiu de l\u2019espectacle. Els nens i nenes estan preparant aquesta actuaci\u00f3 amb moltes ganes i molta il\u00b7lusi\u00f3.<\/strong><\/p>\n","protected":false},"excerpt":{"rendered":"<p><a href=\"https:\/\/agora.xtec.cat\/ceipmarianao\/wp-content\/uploads\/usu17\/2024\/12\/Programa-concert-Nadal-2024_page-0001.jpg\"><\/a><br \/>\n<a href=\"https:\/\/agora.xtec.cat\/ceipmarianao\/wp-content\/uploads\/usu17\/2024\/12\/Programa-concert-Nadal-2024_page-0002.jpg\"><\/a><br \/>\nEl concert de Nadal, tant de l&#8217;alumnat d&#8217;Infantil com del de Prim\u00e0ria, se celebrar\u00e0 el dijous 19 de desembre de 2024.<br \/>\nEs far\u00e0 a l&#8217;Auditori del Parc Sanitari Sant Joan de D\u00e9u (s\u2019hi accedir\u00e0 pel carrer Pablo Picasso). Els i les alumnes d&#8217;Infantil hi&hellip;  <a href=\"https:\/\/agora.xtec.cat\/ceipmarianao\/general\/concert-de-nadal-2024\/\" title=\"Read CONCERT DE NADAL 2024\">Llegeix m\u00e9s\u00bb<\/a><\/p>\n","protected":false},"author":3,"featured_media":0,"comment_status":"closed","ping_status":"closed","sticky":false,"template":"","format":"standard","meta":{"_bbp_topic_count":0,"_bbp_reply_count":0,"_bbp_total_topic_count":0,"_bbp_total_reply_count":0,"_bbp_voice_count":0,"_bbp_anonymous_reply_count":0,"_bbp_topic_count_hidden":0,"_bbp_reply_count_hidden":0,"_bbp_forum_subforum_count":0,"footnotes":""},"categories":[1,28,4],"tags":[],"class_list":["post-5208","post","type-post","status-publish","format-standard","hentry","category-general","category-noticies-portada","category-portada"],"post_mailing_queue_ids":[],"_links":{"self":[{"href":"https:\/\/agora.xtec.cat\/ceipmarianao\/wp-json\/wp\/v2\/posts\/5208","targetHints":{"allow":["GET"]}}],"collection":[{"href":"https:\/\/agora.xtec.cat\/ceipmarianao\/wp-json\/wp\/v2\/posts"}],"about":[{"href":"https:\/\/agora.xtec.cat\/ceipmarianao\/wp-json\/wp\/v2\/types\/post"}],"author":[{"embeddable":true,"href":"https:\/\/agora.xtec.cat\/ceipmarianao\/wp-json\/wp\/v2\/users\/3"}],"replies":[{"embeddable":true,"href":"https:\/\/agora.xtec.cat\/ceipmarianao\/wp-json\/wp\/v2\/comments?post=5208"}],"version-history":[{"count":3,"href":"https:\/\/agora.xtec.cat\/ceipmarianao\/wp-json\/wp\/v2\/posts\/5208\/revisions"}],"predecessor-version":[{"id":5213,"href":"https:\/\/agora.xtec.cat\/ceipmarianao\/wp-json\/wp\/v2\/posts\/5208\/revisions\/5213"}],"wp:attachment":[{"href":"https:\/\/agora.xtec.cat\/ceipmarianao\/wp-json\/wp\/v2\/media?parent=5208"}],"wp:term":[{"taxonomy":"category","embeddable":true,"href":"https:\/\/agora.xtec.cat\/ceipmarianao\/wp-json\/wp\/v2\/categories?post=5208"},{"taxonomy":"post_tag","embeddable":true,"href":"https:\/\/agora.xtec.cat\/ceipmarianao\/wp-json\/wp\/v2\/tags?post=5208"}],"curies":[{"name":"wp","href":"https:\/\/api.w.org\/{rel}","templated":true}]}}