{"id":5204,"date":"2024-12-11T12:43:53","date_gmt":"2024-12-11T11:43:53","guid":{"rendered":"https:\/\/agora.xtec.cat\/ceipmarianao\/?p=5204"},"modified":"2024-12-11T12:44:32","modified_gmt":"2024-12-11T11:44:32","slug":"decoracio-nadal-hospital-sjd","status":"publish","type":"post","link":"https:\/\/agora.xtec.cat\/ceipmarianao\/general\/decoracio-nadal-hospital-sjd\/","title":{"rendered":"DECORACI\u00d3 NADAL HOSPITAL SJD"},"content":{"rendered":"<p style=\"text-align: justify;\">Ja \u00e9s el quart any que tots els infants de l&#8217;escola (des d&#8217;I3 fins a 6\u00e8) preparen la decoraci\u00f3 de Nadal per a decorar l&#8217;Hospital Sant Joan de D\u00e9u de Sant Boi. \u00c9s una iniciativa que els nens i nenes viuen amb molta il\u00b7lusi\u00f3, ja que saben que la seva feina servir\u00e0 perqu\u00e8 aquells infants que passin el Nadal a l&#8217;hospital se sentin una mica millor. \u00c9s un gest solidari i ple d&#8217;empatia. El dimecres 4 de desembre, els nois i noies de 6\u00e8 van ser els encarregats i encarregades de decorar l&#8217;hospital.<\/p>\n<p style=\"text-align: center;\"><a href=\"https:\/\/agora.xtec.cat\/ceipmarianao\/wp-content\/uploads\/usu17\/2024\/12\/COLLAGE-WEB.png\"><img loading=\"lazy\" decoding=\"async\" class=\"aligncenter wp-image-5205\" src=\"https:\/\/agora.xtec.cat\/ceipmarianao\/wp-content\/uploads\/usu17\/2024\/12\/COLLAGE-WEB-200x300.png\" alt=\"\" width=\"700\" height=\"1050\" srcset=\"https:\/\/agora.xtec.cat\/ceipmarianao\/wp-content\/uploads\/usu17\/2024\/12\/COLLAGE-WEB-200x300.png 200w, https:\/\/agora.xtec.cat\/ceipmarianao\/wp-content\/uploads\/usu17\/2024\/12\/COLLAGE-WEB.png 667w\" sizes=\"auto, (max-width: 700px) 100vw, 700px\" \/><\/a><\/p>\n","protected":false},"excerpt":{"rendered":"<p>Ja \u00e9s el quart any que tots els infants de l&#8217;escola (des d&#8217;I3 fins a 6\u00e8) preparen la decoraci\u00f3 de Nadal per a decorar l&#8217;Hospital Sant Joan de D\u00e9u de Sant Boi. \u00c9s una iniciativa que els nens i nenes viuen amb molta il\u00b7lusi\u00f3, ja&hellip;  <a href=\"https:\/\/agora.xtec.cat\/ceipmarianao\/general\/decoracio-nadal-hospital-sjd\/\" title=\"Read DECORACI\u00d3 NADAL HOSPITAL SJD\">Llegeix m\u00e9s\u00bb<\/a><\/p>\n","protected":false},"author":3,"featured_media":0,"comment_status":"closed","ping_status":"closed","sticky":false,"template":"","format":"standard","meta":{"_bbp_topic_count":0,"_bbp_reply_count":0,"_bbp_total_topic_count":0,"_bbp_total_reply_count":0,"_bbp_voice_count":0,"_bbp_anonymous_reply_count":0,"_bbp_topic_count_hidden":0,"_bbp_reply_count_hidden":0,"_bbp_forum_subforum_count":0,"footnotes":""},"categories":[1,28,4],"tags":[],"class_list":["post-5204","post","type-post","status-publish","format-standard","hentry","category-general","category-noticies-portada","category-portada"],"post_mailing_queue_ids":[],"_links":{"self":[{"href":"https:\/\/agora.xtec.cat\/ceipmarianao\/wp-json\/wp\/v2\/posts\/5204","targetHints":{"allow":["GET"]}}],"collection":[{"href":"https:\/\/agora.xtec.cat\/ceipmarianao\/wp-json\/wp\/v2\/posts"}],"about":[{"href":"https:\/\/agora.xtec.cat\/ceipmarianao\/wp-json\/wp\/v2\/types\/post"}],"author":[{"embeddable":true,"href":"https:\/\/agora.xtec.cat\/ceipmarianao\/wp-json\/wp\/v2\/users\/3"}],"replies":[{"embeddable":true,"href":"https:\/\/agora.xtec.cat\/ceipmarianao\/wp-json\/wp\/v2\/comments?post=5204"}],"version-history":[{"count":2,"href":"https:\/\/agora.xtec.cat\/ceipmarianao\/wp-json\/wp\/v2\/posts\/5204\/revisions"}],"predecessor-version":[{"id":5207,"href":"https:\/\/agora.xtec.cat\/ceipmarianao\/wp-json\/wp\/v2\/posts\/5204\/revisions\/5207"}],"wp:attachment":[{"href":"https:\/\/agora.xtec.cat\/ceipmarianao\/wp-json\/wp\/v2\/media?parent=5204"}],"wp:term":[{"taxonomy":"category","embeddable":true,"href":"https:\/\/agora.xtec.cat\/ceipmarianao\/wp-json\/wp\/v2\/categories?post=5204"},{"taxonomy":"post_tag","embeddable":true,"href":"https:\/\/agora.xtec.cat\/ceipmarianao\/wp-json\/wp\/v2\/tags?post=5204"}],"curies":[{"name":"wp","href":"https:\/\/api.w.org\/{rel}","templated":true}]}}