{"id":5192,"date":"2024-11-29T15:16:44","date_gmt":"2024-11-29T14:16:44","guid":{"rendered":"https:\/\/agora.xtec.cat\/ceipmarianao\/?p=5192"},"modified":"2024-11-29T16:19:31","modified_gmt":"2024-11-29T15:19:31","slug":"25n-dia-internacional-per-a-leradicacio-de-la-violencia-vers-les-dones-2","status":"publish","type":"post","link":"https:\/\/agora.xtec.cat\/ceipmarianao\/general\/25n-dia-internacional-per-a-leradicacio-de-la-violencia-vers-les-dones-2\/","title":{"rendered":"25N: DIA INTERNACIONAL PER A L&#8217;ERADICACI\u00d3 DE LA VIOL\u00c8NCIA VERS LES DONES"},"content":{"rendered":"<p style=\"text-align: center;\"><a href=\"https:\/\/agora.xtec.cat\/ceipmarianao\/wp-content\/uploads\/usu17\/2024\/11\/1.png\"><img loading=\"lazy\" decoding=\"async\" class=\"size-medium wp-image-5198 aligncenter\" src=\"https:\/\/agora.xtec.cat\/ceipmarianao\/wp-content\/uploads\/usu17\/2024\/11\/1-300x300.png\" alt=\"\" width=\"300\" height=\"300\" srcset=\"https:\/\/agora.xtec.cat\/ceipmarianao\/wp-content\/uploads\/usu17\/2024\/11\/1-300x300.png 300w, https:\/\/agora.xtec.cat\/ceipmarianao\/wp-content\/uploads\/usu17\/2024\/11\/1-1024x1024.png 1024w, https:\/\/agora.xtec.cat\/ceipmarianao\/wp-content\/uploads\/usu17\/2024\/11\/1-150x150.png 150w, https:\/\/agora.xtec.cat\/ceipmarianao\/wp-content\/uploads\/usu17\/2024\/11\/1-768x768.png 768w, https:\/\/agora.xtec.cat\/ceipmarianao\/wp-content\/uploads\/usu17\/2024\/11\/1.png 1080w\" sizes=\"auto, (max-width: 300px) 100vw, 300px\" \/><\/a><\/p>\n<p style=\"text-align: center;\"><a href=\"https:\/\/agora.xtec.cat\/ceipmarianao\/wp-content\/uploads\/usu17\/2024\/11\/2.png\"><img loading=\"lazy\" decoding=\"async\" class=\"aligncenter size-medium wp-image-5199\" src=\"https:\/\/agora.xtec.cat\/ceipmarianao\/wp-content\/uploads\/usu17\/2024\/11\/2-300x300.png\" alt=\"\" width=\"300\" height=\"300\" srcset=\"https:\/\/agora.xtec.cat\/ceipmarianao\/wp-content\/uploads\/usu17\/2024\/11\/2-300x300.png 300w, https:\/\/agora.xtec.cat\/ceipmarianao\/wp-content\/uploads\/usu17\/2024\/11\/2-1024x1024.png 1024w, https:\/\/agora.xtec.cat\/ceipmarianao\/wp-content\/uploads\/usu17\/2024\/11\/2-150x150.png 150w, https:\/\/agora.xtec.cat\/ceipmarianao\/wp-content\/uploads\/usu17\/2024\/11\/2-768x768.png 768w, https:\/\/agora.xtec.cat\/ceipmarianao\/wp-content\/uploads\/usu17\/2024\/11\/2.png 1080w\" sizes=\"auto, (max-width: 300px) 100vw, 300px\" \/><\/a><\/p>\n<p style=\"text-align: center;\"><a href=\"https:\/\/agora.xtec.cat\/ceipmarianao\/wp-content\/uploads\/usu17\/2024\/11\/3.png\"><img loading=\"lazy\" decoding=\"async\" class=\"aligncenter size-medium wp-image-5200\" src=\"https:\/\/agora.xtec.cat\/ceipmarianao\/wp-content\/uploads\/usu17\/2024\/11\/3-300x300.png\" alt=\"\" width=\"300\" height=\"300\" srcset=\"https:\/\/agora.xtec.cat\/ceipmarianao\/wp-content\/uploads\/usu17\/2024\/11\/3-300x300.png 300w, https:\/\/agora.xtec.cat\/ceipmarianao\/wp-content\/uploads\/usu17\/2024\/11\/3-1024x1024.png 1024w, https:\/\/agora.xtec.cat\/ceipmarianao\/wp-content\/uploads\/usu17\/2024\/11\/3-150x150.png 150w, https:\/\/agora.xtec.cat\/ceipmarianao\/wp-content\/uploads\/usu17\/2024\/11\/3-768x768.png 768w, https:\/\/agora.xtec.cat\/ceipmarianao\/wp-content\/uploads\/usu17\/2024\/11\/3.png 1080w\" sizes=\"auto, (max-width: 300px) 100vw, 300px\" \/><\/a><\/p>\n<p>Dilluns 25 de novembre es va celebrar el <strong><u>Dia internacional per a l\u2019eradicaci\u00f3 de la viol\u00e8ncia vers les dones<\/u><\/strong>.<\/p>\n<p>Durant aquesta setmana, hem volgut donar-li visibilitat a aquest dia a l&#8217;escola, oferint una imatge d&#8217;una dona no sotmesa a ning\u00fa, sin\u00f3, m\u00e9s aviat, empoderada i valenta, visualitzant diferents v\u00eddeos espec\u00edfics i realitzant, posteriorment, una conversa-reflexi\u00f3, guiada pels tutors i tutores, amb els nens i nenes:<\/p>\n<p><strong><u>EDUCACI\u00d3 INFANTIL<\/u><\/strong><\/p>\n<p>&#8220;<a href=\"https:\/\/www.3cat.cat\/tv3\/sx3\/la-nena-dels-cabells-llargs\/video\/6122122\/\">La nena dels cabells llargs<\/a>&#8221; (conte explicat amb veu i dibuix per &#8220;Una m\u00e0 de contes&#8221;).<\/p>\n<p><strong><u>CICLE INICIAL<\/u><\/strong><\/p>\n<p>&#8220;<a href=\"https:\/\/www.3cat.cat\/tv3\/sx3\/les-tres-metgesses-elena-dolors-i-martina\/video\/6082315\/\">Les tres metgesses: Elena, Dolors i Martina<\/a>&#8221; (conte explicat amb veu i dibuix per &#8220;Una m\u00e0 de contes&#8221;).<\/p>\n<p><strong><u>CICLE MITJ\u00c0\u00a0<\/u><\/strong><\/p>\n<p>&#8220;<a href=\"https:\/\/www.3cat.cat\/tv3\/sx3\/els-cent-deu-invents-de-beulah-louis\/video\/6087138\/\">Els cent deu invents de Beulah Louise Henry<\/a>&#8221; (conte explicat amb veu i dibuix per &#8220;Una m\u00e0 de contes&#8221;).<\/p>\n<p><strong><u>CICLE SUPERIOR<\/u><\/strong><\/p>\n<p>&#8220;<a href=\"https:\/\/www.3cat.cat\/tv3\/sx3\/els-numeros-de-katherin-johnson\/video\/6087349\/\">Els n\u00fameros de Katherine Johnson<\/a>&#8220;(conte explicat amb veu i dibuix per &#8220;Una m\u00e0 de contes&#8221;)<\/p>\n","protected":false},"excerpt":{"rendered":"<p><a href=\"https:\/\/agora.xtec.cat\/ceipmarianao\/wp-content\/uploads\/usu17\/2024\/11\/1.png\"><\/a><br \/>\n<a href=\"https:\/\/agora.xtec.cat\/ceipmarianao\/wp-content\/uploads\/usu17\/2024\/11\/2.png\"><\/a><br \/>\n<a href=\"https:\/\/agora.xtec.cat\/ceipmarianao\/wp-content\/uploads\/usu17\/2024\/11\/3.png\"><\/a><br \/>\nDilluns 25 de novembre es va celebrar el Dia internacional per a l\u2019eradicaci\u00f3 de la viol\u00e8ncia vers les dones.<br \/>\nDurant aquesta setmana, hem volgut donar-li visibilitat a aquest dia a l&#8217;escola, oferint una imatge d&#8217;una dona no sotmesa a ning\u00fa, sin\u00f3, m\u00e9s aviat,&hellip;  <a href=\"https:\/\/agora.xtec.cat\/ceipmarianao\/general\/25n-dia-internacional-per-a-leradicacio-de-la-violencia-vers-les-dones-2\/\" title=\"Read 25N: DIA INTERNACIONAL PER A L&#8217;ERADICACI\u00d3 DE LA VIOL\u00c8NCIA VERS LES DONES\">Llegeix m\u00e9s\u00bb<\/a><\/p>\n","protected":false},"author":3,"featured_media":0,"comment_status":"closed","ping_status":"closed","sticky":false,"template":"","format":"standard","meta":{"_bbp_topic_count":0,"_bbp_reply_count":0,"_bbp_total_topic_count":0,"_bbp_total_reply_count":0,"_bbp_voice_count":0,"_bbp_anonymous_reply_count":0,"_bbp_topic_count_hidden":0,"_bbp_reply_count_hidden":0,"_bbp_forum_subforum_count":0,"footnotes":""},"categories":[1,28,4],"tags":[],"class_list":["post-5192","post","type-post","status-publish","format-standard","hentry","category-general","category-noticies-portada","category-portada"],"post_mailing_queue_ids":[],"_links":{"self":[{"href":"https:\/\/agora.xtec.cat\/ceipmarianao\/wp-json\/wp\/v2\/posts\/5192","targetHints":{"allow":["GET"]}}],"collection":[{"href":"https:\/\/agora.xtec.cat\/ceipmarianao\/wp-json\/wp\/v2\/posts"}],"about":[{"href":"https:\/\/agora.xtec.cat\/ceipmarianao\/wp-json\/wp\/v2\/types\/post"}],"author":[{"embeddable":true,"href":"https:\/\/agora.xtec.cat\/ceipmarianao\/wp-json\/wp\/v2\/users\/3"}],"replies":[{"embeddable":true,"href":"https:\/\/agora.xtec.cat\/ceipmarianao\/wp-json\/wp\/v2\/comments?post=5192"}],"version-history":[{"count":4,"href":"https:\/\/agora.xtec.cat\/ceipmarianao\/wp-json\/wp\/v2\/posts\/5192\/revisions"}],"predecessor-version":[{"id":5202,"href":"https:\/\/agora.xtec.cat\/ceipmarianao\/wp-json\/wp\/v2\/posts\/5192\/revisions\/5202"}],"wp:attachment":[{"href":"https:\/\/agora.xtec.cat\/ceipmarianao\/wp-json\/wp\/v2\/media?parent=5192"}],"wp:term":[{"taxonomy":"category","embeddable":true,"href":"https:\/\/agora.xtec.cat\/ceipmarianao\/wp-json\/wp\/v2\/categories?post=5192"},{"taxonomy":"post_tag","embeddable":true,"href":"https:\/\/agora.xtec.cat\/ceipmarianao\/wp-json\/wp\/v2\/tags?post=5192"}],"curies":[{"name":"wp","href":"https:\/\/api.w.org\/{rel}","templated":true}]}}