{"id":5179,"date":"2024-11-23T16:57:22","date_gmt":"2024-11-23T15:57:22","guid":{"rendered":"https:\/\/agora.xtec.cat\/ceipmarianao\/?p=5179"},"modified":"2024-11-26T12:47:54","modified_gmt":"2024-11-26T11:47:54","slug":"encesa-de-llums-de-nadal","status":"publish","type":"post","link":"https:\/\/agora.xtec.cat\/ceipmarianao\/general\/encesa-de-llums-de-nadal\/","title":{"rendered":"ENCESA DE LLUMS DE NADAL"},"content":{"rendered":"<p style=\"text-align: justify;\">Ahir, divendres 22 de novembre, es va fer l&#8217;encesa de l&#8217;enllumenat de Nadal a la Pla\u00e7a de la Generalitat.<\/p>\n<p style=\"text-align: justify;\">Els infants de 5\u00e8 i de 6\u00e8 de l&#8217;escola hi van participar realitzant els fanalets que hi ha penjats.<\/p>\n<p style=\"text-align: justify;\">Per a l&#8217;encesa, van comptar amb un infant representant de cada escola que, conjuntament amb l&#8217;Alcaldessa, van posar en marxa la il\u00b7luminaci\u00f3. Del nostre centre hi va anar la Luc\u00eda Palma Barba, alumna de 6\u00e8, triada per sorteig entre els nois i noies de cicle superior.<\/p>\n<p>Mireu qu\u00e8 b\u00e9 que ho va fer, ni la pluja els va poder aturar!<\/p>\n<p style=\"text-align: center;\"><a href=\"https:\/\/agora.xtec.cat\/ceipmarianao\/wp-content\/uploads\/usu17\/2024\/11\/62f0f977-9a6f-424a-9150-0567dcc31c8e.jpg\"><img loading=\"lazy\" decoding=\"async\" class=\"aligncenter size-medium wp-image-5181\" src=\"https:\/\/agora.xtec.cat\/ceipmarianao\/wp-content\/uploads\/usu17\/2024\/11\/62f0f977-9a6f-424a-9150-0567dcc31c8e-300x169.jpg\" alt=\"\" width=\"300\" height=\"169\" srcset=\"https:\/\/agora.xtec.cat\/ceipmarianao\/wp-content\/uploads\/usu17\/2024\/11\/62f0f977-9a6f-424a-9150-0567dcc31c8e-300x169.jpg 300w, https:\/\/agora.xtec.cat\/ceipmarianao\/wp-content\/uploads\/usu17\/2024\/11\/62f0f977-9a6f-424a-9150-0567dcc31c8e-1024x576.jpg 1024w, https:\/\/agora.xtec.cat\/ceipmarianao\/wp-content\/uploads\/usu17\/2024\/11\/62f0f977-9a6f-424a-9150-0567dcc31c8e-768x432.jpg 768w, https:\/\/agora.xtec.cat\/ceipmarianao\/wp-content\/uploads\/usu17\/2024\/11\/62f0f977-9a6f-424a-9150-0567dcc31c8e-1536x864.jpg 1536w, https:\/\/agora.xtec.cat\/ceipmarianao\/wp-content\/uploads\/usu17\/2024\/11\/62f0f977-9a6f-424a-9150-0567dcc31c8e.jpg 1599w\" sizes=\"auto, (max-width: 300px) 100vw, 300px\" \/><\/a><\/p>\n<p style=\"text-align: center;\"><a href=\"https:\/\/agora.xtec.cat\/ceipmarianao\/wp-content\/uploads\/usu17\/2024\/11\/c64e40bd-b85c-4bd8-bf06-cb33dcbb24ae.jpg\"><img loading=\"lazy\" decoding=\"async\" class=\"aligncenter size-medium wp-image-5182\" src=\"https:\/\/agora.xtec.cat\/ceipmarianao\/wp-content\/uploads\/usu17\/2024\/11\/c64e40bd-b85c-4bd8-bf06-cb33dcbb24ae-300x225.jpg\" alt=\"\" width=\"300\" height=\"225\" srcset=\"https:\/\/agora.xtec.cat\/ceipmarianao\/wp-content\/uploads\/usu17\/2024\/11\/c64e40bd-b85c-4bd8-bf06-cb33dcbb24ae-300x225.jpg 300w, https:\/\/agora.xtec.cat\/ceipmarianao\/wp-content\/uploads\/usu17\/2024\/11\/c64e40bd-b85c-4bd8-bf06-cb33dcbb24ae-1024x769.jpg 1024w, https:\/\/agora.xtec.cat\/ceipmarianao\/wp-content\/uploads\/usu17\/2024\/11\/c64e40bd-b85c-4bd8-bf06-cb33dcbb24ae-768x576.jpg 768w, https:\/\/agora.xtec.cat\/ceipmarianao\/wp-content\/uploads\/usu17\/2024\/11\/c64e40bd-b85c-4bd8-bf06-cb33dcbb24ae-1536x1153.jpg 1536w, https:\/\/agora.xtec.cat\/ceipmarianao\/wp-content\/uploads\/usu17\/2024\/11\/c64e40bd-b85c-4bd8-bf06-cb33dcbb24ae-200x150.jpg 200w, https:\/\/agora.xtec.cat\/ceipmarianao\/wp-content\/uploads\/usu17\/2024\/11\/c64e40bd-b85c-4bd8-bf06-cb33dcbb24ae.jpg 1600w\" sizes=\"auto, (max-width: 300px) 100vw, 300px\" \/><\/a><\/p>\n<p style=\"text-align: center;\"><a href=\"https:\/\/agora.xtec.cat\/ceipmarianao\/wp-content\/uploads\/usu17\/2024\/11\/1732550854275.jpg\"><img loading=\"lazy\" decoding=\"async\" class=\"aligncenter size-medium wp-image-5190\" src=\"https:\/\/agora.xtec.cat\/ceipmarianao\/wp-content\/uploads\/usu17\/2024\/11\/1732550854275-225x300.jpg\" alt=\"\" width=\"225\" height=\"300\" srcset=\"https:\/\/agora.xtec.cat\/ceipmarianao\/wp-content\/uploads\/usu17\/2024\/11\/1732550854275-225x300.jpg 225w, https:\/\/agora.xtec.cat\/ceipmarianao\/wp-content\/uploads\/usu17\/2024\/11\/1732550854275-768x1024.jpg 768w, https:\/\/agora.xtec.cat\/ceipmarianao\/wp-content\/uploads\/usu17\/2024\/11\/1732550854275-1152x1536.jpg 1152w, https:\/\/agora.xtec.cat\/ceipmarianao\/wp-content\/uploads\/usu17\/2024\/11\/1732550854275.jpg 1500w\" sizes=\"auto, (max-width: 225px) 100vw, 225px\" \/><\/a><\/p>\n","protected":false},"excerpt":{"rendered":"<p>Ahir, divendres 22 de novembre, es va fer l&#8217;encesa de l&#8217;enllumenat de Nadal a la Pla\u00e7a de la Generalitat.<br \/>\nEls infants de 5\u00e8 i de 6\u00e8 de l&#8217;escola hi van participar realitzant els fanalets que hi ha penjats.<br \/>\nPer a l&#8217;encesa, van comptar amb un infant representant&hellip;  <a href=\"https:\/\/agora.xtec.cat\/ceipmarianao\/general\/encesa-de-llums-de-nadal\/\" title=\"Read ENCESA DE LLUMS DE NADAL\">Llegeix m\u00e9s\u00bb<\/a><\/p>\n","protected":false},"author":3,"featured_media":0,"comment_status":"closed","ping_status":"closed","sticky":false,"template":"","format":"standard","meta":{"_bbp_topic_count":0,"_bbp_reply_count":0,"_bbp_total_topic_count":0,"_bbp_total_reply_count":0,"_bbp_voice_count":0,"_bbp_anonymous_reply_count":0,"_bbp_topic_count_hidden":0,"_bbp_reply_count_hidden":0,"_bbp_forum_subforum_count":0,"footnotes":""},"categories":[1,28,4],"tags":[],"class_list":["post-5179","post","type-post","status-publish","format-standard","hentry","category-general","category-noticies-portada","category-portada"],"post_mailing_queue_ids":[],"_links":{"self":[{"href":"https:\/\/agora.xtec.cat\/ceipmarianao\/wp-json\/wp\/v2\/posts\/5179","targetHints":{"allow":["GET"]}}],"collection":[{"href":"https:\/\/agora.xtec.cat\/ceipmarianao\/wp-json\/wp\/v2\/posts"}],"about":[{"href":"https:\/\/agora.xtec.cat\/ceipmarianao\/wp-json\/wp\/v2\/types\/post"}],"author":[{"embeddable":true,"href":"https:\/\/agora.xtec.cat\/ceipmarianao\/wp-json\/wp\/v2\/users\/3"}],"replies":[{"embeddable":true,"href":"https:\/\/agora.xtec.cat\/ceipmarianao\/wp-json\/wp\/v2\/comments?post=5179"}],"version-history":[{"count":5,"href":"https:\/\/agora.xtec.cat\/ceipmarianao\/wp-json\/wp\/v2\/posts\/5179\/revisions"}],"predecessor-version":[{"id":5191,"href":"https:\/\/agora.xtec.cat\/ceipmarianao\/wp-json\/wp\/v2\/posts\/5179\/revisions\/5191"}],"wp:attachment":[{"href":"https:\/\/agora.xtec.cat\/ceipmarianao\/wp-json\/wp\/v2\/media?parent=5179"}],"wp:term":[{"taxonomy":"category","embeddable":true,"href":"https:\/\/agora.xtec.cat\/ceipmarianao\/wp-json\/wp\/v2\/categories?post=5179"},{"taxonomy":"post_tag","embeddable":true,"href":"https:\/\/agora.xtec.cat\/ceipmarianao\/wp-json\/wp\/v2\/tags?post=5179"}],"curies":[{"name":"wp","href":"https:\/\/api.w.org\/{rel}","templated":true}]}}