{"id":5173,"date":"2024-11-23T16:10:53","date_gmt":"2024-11-23T15:10:53","guid":{"rendered":"https:\/\/agora.xtec.cat\/ceipmarianao\/?p=5173"},"modified":"2024-11-23T17:13:10","modified_gmt":"2024-11-23T16:13:10","slug":"santa-cecilia-2024","status":"publish","type":"post","link":"https:\/\/agora.xtec.cat\/ceipmarianao\/general\/santa-cecilia-2024\/","title":{"rendered":"SANTA CEC\u00cdLIA 2024"},"content":{"rendered":"<p style=\"text-align: justify;\">Ahir, divendres 22 de novembre, com ja \u00e9s costum a l&#8217;escola, vam celebrar Santa Cec\u00edlia, patrona de la m\u00fasica. Un cop preparat l&#8217;escenari i afinats els instruments i les veus, vam gaudir d&#8217;un concert on els infants es van convertir en grans artistes. Gr\u00e0cies a tots i totes les participants per fer-ho possible, ens vau fer vibrar de valent!<\/p>\n<p style=\"text-align: center;\"><a href=\"https:\/\/agora.xtec.cat\/ceipmarianao\/wp-content\/uploads\/usu17\/2024\/11\/Santa-Cecilia-2024_page-0001.jpg\"><img loading=\"lazy\" decoding=\"async\" class=\"aligncenter size-medium wp-image-5176\" src=\"https:\/\/agora.xtec.cat\/ceipmarianao\/wp-content\/uploads\/usu17\/2024\/11\/Santa-Cecilia-2024_page-0001-300x212.jpg\" alt=\"\" width=\"300\" height=\"212\" srcset=\"https:\/\/agora.xtec.cat\/ceipmarianao\/wp-content\/uploads\/usu17\/2024\/11\/Santa-Cecilia-2024_page-0001-300x212.jpg 300w, https:\/\/agora.xtec.cat\/ceipmarianao\/wp-content\/uploads\/usu17\/2024\/11\/Santa-Cecilia-2024_page-0001-1024x724.jpg 1024w, https:\/\/agora.xtec.cat\/ceipmarianao\/wp-content\/uploads\/usu17\/2024\/11\/Santa-Cecilia-2024_page-0001-768x543.jpg 768w, https:\/\/agora.xtec.cat\/ceipmarianao\/wp-content\/uploads\/usu17\/2024\/11\/Santa-Cecilia-2024_page-0001-1536x1086.jpg 1536w, https:\/\/agora.xtec.cat\/ceipmarianao\/wp-content\/uploads\/usu17\/2024\/11\/Santa-Cecilia-2024_page-0001.jpg 1755w\" sizes=\"auto, (max-width: 300px) 100vw, 300px\" \/><\/a><\/p>\n<p style=\"text-align: center;\"><a href=\"https:\/\/agora.xtec.cat\/ceipmarianao\/wp-content\/uploads\/usu17\/2024\/11\/Santa-Cecilia-2024_page-0002.jpg\"><img loading=\"lazy\" decoding=\"async\" class=\"aligncenter size-medium wp-image-5177\" src=\"https:\/\/agora.xtec.cat\/ceipmarianao\/wp-content\/uploads\/usu17\/2024\/11\/Santa-Cecilia-2024_page-0002-300x212.jpg\" alt=\"\" width=\"300\" height=\"212\" srcset=\"https:\/\/agora.xtec.cat\/ceipmarianao\/wp-content\/uploads\/usu17\/2024\/11\/Santa-Cecilia-2024_page-0002-300x212.jpg 300w, https:\/\/agora.xtec.cat\/ceipmarianao\/wp-content\/uploads\/usu17\/2024\/11\/Santa-Cecilia-2024_page-0002-1024x724.jpg 1024w, https:\/\/agora.xtec.cat\/ceipmarianao\/wp-content\/uploads\/usu17\/2024\/11\/Santa-Cecilia-2024_page-0002-768x543.jpg 768w, https:\/\/agora.xtec.cat\/ceipmarianao\/wp-content\/uploads\/usu17\/2024\/11\/Santa-Cecilia-2024_page-0002-1536x1086.jpg 1536w, https:\/\/agora.xtec.cat\/ceipmarianao\/wp-content\/uploads\/usu17\/2024\/11\/Santa-Cecilia-2024_page-0002.jpg 1755w\" sizes=\"auto, (max-width: 300px) 100vw, 300px\" \/><\/a><\/p>\n<p style=\"text-align: center;\"><iframe loading=\"lazy\" src=\"\/\/www.youtube.com\/embed\/QQoXjOIDQAA\" width=\"560\" height=\"314\" allowfullscreen=\"allowfullscreen\"><\/iframe><\/p>\n<p style=\"text-align: center;\">\n","protected":false},"excerpt":{"rendered":"<p>Ahir, divendres 22 de novembre, com ja \u00e9s costum a l&#8217;escola, vam celebrar Santa Cec\u00edlia, patrona de la m\u00fasica. Un cop preparat l&#8217;escenari i afinats els instruments i les veus, vam gaudir d&#8217;un concert on els infants es van convertir en grans artistes. Gr\u00e0cies a&hellip;  <a href=\"https:\/\/agora.xtec.cat\/ceipmarianao\/general\/santa-cecilia-2024\/\" title=\"Read SANTA CEC\u00cdLIA 2024\">Llegeix m\u00e9s\u00bb<\/a><\/p>\n","protected":false},"author":3,"featured_media":5186,"comment_status":"closed","ping_status":"closed","sticky":false,"template":"","format":"standard","meta":{"_bbp_topic_count":0,"_bbp_reply_count":0,"_bbp_total_topic_count":0,"_bbp_total_reply_count":0,"_bbp_voice_count":0,"_bbp_anonymous_reply_count":0,"_bbp_topic_count_hidden":0,"_bbp_reply_count_hidden":0,"_bbp_forum_subforum_count":0,"footnotes":""},"categories":[1,28,4],"tags":[],"class_list":["post-5173","post","type-post","status-publish","format-standard","has-post-thumbnail","hentry","category-general","category-noticies-portada","category-portada"],"post_mailing_queue_ids":[],"_links":{"self":[{"href":"https:\/\/agora.xtec.cat\/ceipmarianao\/wp-json\/wp\/v2\/posts\/5173","targetHints":{"allow":["GET"]}}],"collection":[{"href":"https:\/\/agora.xtec.cat\/ceipmarianao\/wp-json\/wp\/v2\/posts"}],"about":[{"href":"https:\/\/agora.xtec.cat\/ceipmarianao\/wp-json\/wp\/v2\/types\/post"}],"author":[{"embeddable":true,"href":"https:\/\/agora.xtec.cat\/ceipmarianao\/wp-json\/wp\/v2\/users\/3"}],"replies":[{"embeddable":true,"href":"https:\/\/agora.xtec.cat\/ceipmarianao\/wp-json\/wp\/v2\/comments?post=5173"}],"version-history":[{"count":6,"href":"https:\/\/agora.xtec.cat\/ceipmarianao\/wp-json\/wp\/v2\/posts\/5173\/revisions"}],"predecessor-version":[{"id":5189,"href":"https:\/\/agora.xtec.cat\/ceipmarianao\/wp-json\/wp\/v2\/posts\/5173\/revisions\/5189"}],"wp:featuredmedia":[{"embeddable":true,"href":"https:\/\/agora.xtec.cat\/ceipmarianao\/wp-json\/wp\/v2\/media\/5186"}],"wp:attachment":[{"href":"https:\/\/agora.xtec.cat\/ceipmarianao\/wp-json\/wp\/v2\/media?parent=5173"}],"wp:term":[{"taxonomy":"category","embeddable":true,"href":"https:\/\/agora.xtec.cat\/ceipmarianao\/wp-json\/wp\/v2\/categories?post=5173"},{"taxonomy":"post_tag","embeddable":true,"href":"https:\/\/agora.xtec.cat\/ceipmarianao\/wp-json\/wp\/v2\/tags?post=5173"}],"curies":[{"name":"wp","href":"https:\/\/api.w.org\/{rel}","templated":true}]}}