{"id":5164,"date":"2024-10-25T19:59:12","date_gmt":"2024-10-25T17:59:12","guid":{"rendered":"https:\/\/agora.xtec.cat\/ceipmarianao\/?p=5164"},"modified":"2024-10-30T15:37:04","modified_gmt":"2024-10-30T14:37:04","slug":"x-edicio-la-vuelta-al-cole","status":"publish","type":"post","link":"https:\/\/agora.xtec.cat\/ceipmarianao\/general\/x-edicio-la-vuelta-al-cole\/","title":{"rendered":"X EDICI\u00d3 LA VUELTA AL COLE"},"content":{"rendered":"<p>Gr\u00e0cies a la vostra col\u00b7laboraci\u00f3 hem aconseguit recaptar 586,33\u20ac, m\u00e9s que mai! Mil gr\u00e0cies a tothom que hi va participar: \u00a1VUESTRA META ES NUESTRA META!!<\/p>\n<p style=\"text-align: center;\"><iframe loading=\"lazy\" src=\"\/\/www.youtube.com\/embed\/tbudyzS9Oog\" width=\"560\" height=\"314\" allowfullscreen=\"allowfullscreen\"><\/iframe><\/p>\n<p style=\"text-align: justify;\">Aquest curs hem tornat a participar a la &#8220;X Edici\u00f3n de la vuelta al cole&#8221;. Com ja sabeu, es tracta d&#8217;una iniciativa on la Fundaci\u00f3 Unoentrecienmil convida a totes les escoles d&#8217;Espanya a organitzar una carrera solid\u00e0ria (no competitiva), per a c\u00f3rrer a favor de la investigaci\u00f3 de la leuc\u00e8mia infantil. Avui, divendres 25 d&#8217;octubre a la tarda, alumnes, familiars, amics, amigues, mestres, personal no docent&#8230; Tothom estava convidat a la que ha estat la \u201cX Edici\u00f3n de la vuelta al cole\u201d.<\/p>\n<p style=\"text-align: justify;\">Tothom ha guanyat! \u00c9s per aquest motiu que s&#8217;han lliurat diplomes per a premiar l&#8217;esfor\u00e7 i la participaci\u00f3 en aquest moviment.<\/p>\n<p style=\"text-align: justify;\">Recordeu que la leuc\u00e8mia \u00e9s una enemiga massa forta per a un sol infant, per\u00f2 no per a cent mil.<\/p>\n<p style=\"text-align: justify;\">Per si voleu m\u00e9s informaci\u00f3 sobre el projecte, aqu\u00ed us deixem l&#8217;enlla\u00e7 de la Fundaci\u00f3: <a href=\"https:\/\/www.lavueltaalcole.com\/\">https:\/\/www.lavueltaalcole.com\/<\/a><\/p>\n<p style=\"text-align: center;\"><a href=\"https:\/\/agora.xtec.cat\/ceipmarianao\/wp-content\/uploads\/usu17\/2024\/10\/Badge-1-300x300-1.png\"><img loading=\"lazy\" decoding=\"async\" class=\"aligncenter size-full wp-image-5165\" src=\"https:\/\/agora.xtec.cat\/ceipmarianao\/wp-content\/uploads\/usu17\/2024\/10\/Badge-1-300x300-1.png\" alt=\"\" width=\"300\" height=\"300\" srcset=\"https:\/\/agora.xtec.cat\/ceipmarianao\/wp-content\/uploads\/usu17\/2024\/10\/Badge-1-300x300-1.png 300w, https:\/\/agora.xtec.cat\/ceipmarianao\/wp-content\/uploads\/usu17\/2024\/10\/Badge-1-300x300-1-150x150.png 150w\" sizes=\"auto, (max-width: 300px) 100vw, 300px\" \/><\/a><\/p>\n","protected":false},"excerpt":{"rendered":"<p>Gr\u00e0cies a la vostra col\u00b7laboraci\u00f3 hem aconseguit recaptar 586,33\u20ac, m\u00e9s que mai! Mil gr\u00e0cies a tothom que hi va participar: \u00a1VUESTRA META ES NUESTRA META!!<\/p>\n<p>Aquest curs hem tornat a participar a la &#8220;X Edici\u00f3n de la vuelta al cole&#8221;. Com ja sabeu, es tracta d&#8217;una&hellip;  <a href=\"https:\/\/agora.xtec.cat\/ceipmarianao\/general\/x-edicio-la-vuelta-al-cole\/\" title=\"Read X EDICI\u00d3 LA VUELTA AL COLE\">Llegeix m\u00e9s\u00bb<\/a><\/p>\n","protected":false},"author":3,"featured_media":5166,"comment_status":"closed","ping_status":"closed","sticky":false,"template":"","format":"standard","meta":{"_bbp_topic_count":0,"_bbp_reply_count":0,"_bbp_total_topic_count":0,"_bbp_total_reply_count":0,"_bbp_voice_count":0,"_bbp_anonymous_reply_count":0,"_bbp_topic_count_hidden":0,"_bbp_reply_count_hidden":0,"_bbp_forum_subforum_count":0,"footnotes":""},"categories":[1,28,4],"tags":[],"class_list":["post-5164","post","type-post","status-publish","format-standard","has-post-thumbnail","hentry","category-general","category-noticies-portada","category-portada"],"post_mailing_queue_ids":[],"_links":{"self":[{"href":"https:\/\/agora.xtec.cat\/ceipmarianao\/wp-json\/wp\/v2\/posts\/5164","targetHints":{"allow":["GET"]}}],"collection":[{"href":"https:\/\/agora.xtec.cat\/ceipmarianao\/wp-json\/wp\/v2\/posts"}],"about":[{"href":"https:\/\/agora.xtec.cat\/ceipmarianao\/wp-json\/wp\/v2\/types\/post"}],"author":[{"embeddable":true,"href":"https:\/\/agora.xtec.cat\/ceipmarianao\/wp-json\/wp\/v2\/users\/3"}],"replies":[{"embeddable":true,"href":"https:\/\/agora.xtec.cat\/ceipmarianao\/wp-json\/wp\/v2\/comments?post=5164"}],"version-history":[{"count":2,"href":"https:\/\/agora.xtec.cat\/ceipmarianao\/wp-json\/wp\/v2\/posts\/5164\/revisions"}],"predecessor-version":[{"id":5169,"href":"https:\/\/agora.xtec.cat\/ceipmarianao\/wp-json\/wp\/v2\/posts\/5164\/revisions\/5169"}],"wp:featuredmedia":[{"embeddable":true,"href":"https:\/\/agora.xtec.cat\/ceipmarianao\/wp-json\/wp\/v2\/media\/5166"}],"wp:attachment":[{"href":"https:\/\/agora.xtec.cat\/ceipmarianao\/wp-json\/wp\/v2\/media?parent=5164"}],"wp:term":[{"taxonomy":"category","embeddable":true,"href":"https:\/\/agora.xtec.cat\/ceipmarianao\/wp-json\/wp\/v2\/categories?post=5164"},{"taxonomy":"post_tag","embeddable":true,"href":"https:\/\/agora.xtec.cat\/ceipmarianao\/wp-json\/wp\/v2\/tags?post=5164"}],"curies":[{"name":"wp","href":"https:\/\/api.w.org\/{rel}","templated":true}]}}