{"id":5153,"date":"2024-10-09T20:44:22","date_gmt":"2024-10-09T18:44:22","guid":{"rendered":"https:\/\/agora.xtec.cat\/ceipmarianao\/?p=5153"},"modified":"2024-10-09T20:46:09","modified_gmt":"2024-10-09T18:46:09","slug":"simulacre-devacuacio-en-cas-dincendi-4","status":"publish","type":"post","link":"https:\/\/agora.xtec.cat\/ceipmarianao\/general\/simulacre-devacuacio-en-cas-dincendi-4\/","title":{"rendered":"SIMULACRE D&#8217;EVACUACI\u00d3 EN CAS D&#8217;INCENDI"},"content":{"rendered":"<p style=\"text-align: justify;\">Avui, dimecres 9 de d&#8217;octubre, hem fet el simulacre d&#8217;evacuaci\u00f3 en cas d&#8217;incendi. El professorat i l&#8217;alumnat ho ha fet molt b\u00e9 i ha apr\u00e8s com actuar en cas que hi hagi una situaci\u00f3 real de risc. Felicitats!<\/p>\n<p style=\"text-align: center;\"><a href=\"https:\/\/agora.xtec.cat\/ceipmarianao\/wp-content\/uploads\/usu17\/2024\/10\/4ea5c40d-f5a8-4a6b-a6b4-24296247a28a.jpg\"><img loading=\"lazy\" decoding=\"async\" class=\"aligncenter size-medium wp-image-5155\" src=\"https:\/\/agora.xtec.cat\/ceipmarianao\/wp-content\/uploads\/usu17\/2024\/10\/4ea5c40d-f5a8-4a6b-a6b4-24296247a28a-225x300.jpg\" alt=\"\" width=\"225\" height=\"300\" srcset=\"https:\/\/agora.xtec.cat\/ceipmarianao\/wp-content\/uploads\/usu17\/2024\/10\/4ea5c40d-f5a8-4a6b-a6b4-24296247a28a-225x300.jpg 225w, https:\/\/agora.xtec.cat\/ceipmarianao\/wp-content\/uploads\/usu17\/2024\/10\/4ea5c40d-f5a8-4a6b-a6b4-24296247a28a-768x1024.jpg 768w, https:\/\/agora.xtec.cat\/ceipmarianao\/wp-content\/uploads\/usu17\/2024\/10\/4ea5c40d-f5a8-4a6b-a6b4-24296247a28a-1152x1536.jpg 1152w, https:\/\/agora.xtec.cat\/ceipmarianao\/wp-content\/uploads\/usu17\/2024\/10\/4ea5c40d-f5a8-4a6b-a6b4-24296247a28a.jpg 1536w\" sizes=\"auto, (max-width: 225px) 100vw, 225px\" \/><\/a> <a href=\"https:\/\/agora.xtec.cat\/ceipmarianao\/wp-content\/uploads\/usu17\/2024\/10\/685c1bed-05fb-4ea5-9669-cd21702555b7.jpg\"><img loading=\"lazy\" decoding=\"async\" class=\"aligncenter size-medium wp-image-5156\" src=\"https:\/\/agora.xtec.cat\/ceipmarianao\/wp-content\/uploads\/usu17\/2024\/10\/685c1bed-05fb-4ea5-9669-cd21702555b7-225x300.jpg\" alt=\"\" width=\"225\" height=\"300\" srcset=\"https:\/\/agora.xtec.cat\/ceipmarianao\/wp-content\/uploads\/usu17\/2024\/10\/685c1bed-05fb-4ea5-9669-cd21702555b7-225x300.jpg 225w, https:\/\/agora.xtec.cat\/ceipmarianao\/wp-content\/uploads\/usu17\/2024\/10\/685c1bed-05fb-4ea5-9669-cd21702555b7-768x1024.jpg 768w, https:\/\/agora.xtec.cat\/ceipmarianao\/wp-content\/uploads\/usu17\/2024\/10\/685c1bed-05fb-4ea5-9669-cd21702555b7-1152x1536.jpg 1152w, https:\/\/agora.xtec.cat\/ceipmarianao\/wp-content\/uploads\/usu17\/2024\/10\/685c1bed-05fb-4ea5-9669-cd21702555b7.jpg 1536w\" sizes=\"auto, (max-width: 225px) 100vw, 225px\" \/><\/a><a href=\"https:\/\/agora.xtec.cat\/ceipmarianao\/wp-content\/uploads\/usu17\/2024\/10\/bce2826e-b84c-4723-ba84-b6a5d07fa50a.jpg\"><img loading=\"lazy\" decoding=\"async\" class=\"aligncenter size-medium wp-image-5158\" src=\"https:\/\/agora.xtec.cat\/ceipmarianao\/wp-content\/uploads\/usu17\/2024\/10\/bce2826e-b84c-4723-ba84-b6a5d07fa50a-225x300.jpg\" alt=\"\" width=\"225\" height=\"300\" srcset=\"https:\/\/agora.xtec.cat\/ceipmarianao\/wp-content\/uploads\/usu17\/2024\/10\/bce2826e-b84c-4723-ba84-b6a5d07fa50a-225x300.jpg 225w, https:\/\/agora.xtec.cat\/ceipmarianao\/wp-content\/uploads\/usu17\/2024\/10\/bce2826e-b84c-4723-ba84-b6a5d07fa50a-768x1024.jpg 768w, https:\/\/agora.xtec.cat\/ceipmarianao\/wp-content\/uploads\/usu17\/2024\/10\/bce2826e-b84c-4723-ba84-b6a5d07fa50a-1152x1536.jpg 1152w, https:\/\/agora.xtec.cat\/ceipmarianao\/wp-content\/uploads\/usu17\/2024\/10\/bce2826e-b84c-4723-ba84-b6a5d07fa50a.jpg 1536w\" sizes=\"auto, (max-width: 225px) 100vw, 225px\" \/><\/a><\/p>\n","protected":false},"excerpt":{"rendered":"<p>Avui, dimecres 9 de d&#8217;octubre, hem fet el simulacre d&#8217;evacuaci\u00f3 en cas d&#8217;incendi. El professorat i l&#8217;alumnat ho ha fet molt b\u00e9 i ha apr\u00e8s com actuar en cas que hi hagi una situaci\u00f3 real de risc. Felicitats!<br \/>\n<a href=\"https:\/\/agora.xtec.cat\/ceipmarianao\/wp-content\/uploads\/usu17\/2024\/10\/4ea5c40d-f5a8-4a6b-a6b4-24296247a28a.jpg\"><\/a> <a href=\"https:\/\/agora.xtec.cat\/ceipmarianao\/wp-content\/uploads\/usu17\/2024\/10\/685c1bed-05fb-4ea5-9669-cd21702555b7.jpg\"><\/a><a href=\"https:\/\/agora.xtec.cat\/ceipmarianao\/wp-content\/uploads\/usu17\/2024\/10\/bce2826e-b84c-4723-ba84-b6a5d07fa50a.jpg\"><\/a><\/p>\n","protected":false},"author":3,"featured_media":0,"comment_status":"closed","ping_status":"closed","sticky":false,"template":"","format":"standard","meta":{"_bbp_topic_count":0,"_bbp_reply_count":0,"_bbp_total_topic_count":0,"_bbp_total_reply_count":0,"_bbp_voice_count":0,"_bbp_anonymous_reply_count":0,"_bbp_topic_count_hidden":0,"_bbp_reply_count_hidden":0,"_bbp_forum_subforum_count":0,"footnotes":""},"categories":[1,28,4],"tags":[],"class_list":["post-5153","post","type-post","status-publish","format-standard","hentry","category-general","category-noticies-portada","category-portada"],"post_mailing_queue_ids":[],"_links":{"self":[{"href":"https:\/\/agora.xtec.cat\/ceipmarianao\/wp-json\/wp\/v2\/posts\/5153","targetHints":{"allow":["GET"]}}],"collection":[{"href":"https:\/\/agora.xtec.cat\/ceipmarianao\/wp-json\/wp\/v2\/posts"}],"about":[{"href":"https:\/\/agora.xtec.cat\/ceipmarianao\/wp-json\/wp\/v2\/types\/post"}],"author":[{"embeddable":true,"href":"https:\/\/agora.xtec.cat\/ceipmarianao\/wp-json\/wp\/v2\/users\/3"}],"replies":[{"embeddable":true,"href":"https:\/\/agora.xtec.cat\/ceipmarianao\/wp-json\/wp\/v2\/comments?post=5153"}],"version-history":[{"count":5,"href":"https:\/\/agora.xtec.cat\/ceipmarianao\/wp-json\/wp\/v2\/posts\/5153\/revisions"}],"predecessor-version":[{"id":5162,"href":"https:\/\/agora.xtec.cat\/ceipmarianao\/wp-json\/wp\/v2\/posts\/5153\/revisions\/5162"}],"wp:attachment":[{"href":"https:\/\/agora.xtec.cat\/ceipmarianao\/wp-json\/wp\/v2\/media?parent=5153"}],"wp:term":[{"taxonomy":"category","embeddable":true,"href":"https:\/\/agora.xtec.cat\/ceipmarianao\/wp-json\/wp\/v2\/categories?post=5153"},{"taxonomy":"post_tag","embeddable":true,"href":"https:\/\/agora.xtec.cat\/ceipmarianao\/wp-json\/wp\/v2\/tags?post=5153"}],"curies":[{"name":"wp","href":"https:\/\/api.w.org\/{rel}","templated":true}]}}