{"id":5079,"date":"2024-06-12T15:18:50","date_gmt":"2024-06-12T13:18:50","guid":{"rendered":"https:\/\/agora.xtec.cat\/ceipmarianao\/?p=5079"},"modified":"2024-06-12T15:18:50","modified_gmt":"2024-06-12T13:18:50","slug":"centres-en-dansa-per-a-la-inclusio","status":"publish","type":"post","link":"https:\/\/agora.xtec.cat\/ceipmarianao\/general\/centres-en-dansa-per-a-la-inclusio\/","title":{"rendered":"CENTRES EN DANSA PER A LA INCLUSI\u00d3"},"content":{"rendered":"<p style=\"text-align: justify;\">La nostra escola s&#8217;ha adherit al programa de centres en dansa per a la inclusi\u00f3. Amb aquesta iniciativa pretenem, mitjan\u00e7ant l\u2019acompanyament de les <strong>dinamitzadores d\u2019educaci\u00f3 inclusiva (DEI)<\/strong> als territoris, disposar de materials i recursos per a poder enfortir processos interns de construcci\u00f3 d\u2019una cultura inclusiva al si de la nostra comunitat educativa. Passant per tota una seq\u00fc\u00e8ncia l\u00f2gica d\u2019etapes, que van des del comprom\u00eds inicial d\u2019adhesi\u00f3 fins a la difusi\u00f3 de les activitats realitzades, formarem part d\u2019una din\u00e0mica de treball col\u00b7laborativa i d\u2019intercanvi per a avan\u00e7ar en la inclusi\u00f3.<\/p>\n<p style=\"text-align: justify;\"><em> \u201cLa inclusi\u00f3 \u00e9s un proc\u00e9s que ajuda a superar els obstacles que limiten la pres\u00e8ncia, la participaci\u00f3 i l\u2019\u00e8xit de tot l\u2019alumnat\u201d. UNESCO<\/em><\/p>\n<p style=\"text-align: center;\"><a href=\"https:\/\/agora.xtec.cat\/ceipmarianao\/wp-content\/uploads\/usu17\/2024\/06\/1.jpg\"><img loading=\"lazy\" decoding=\"async\" class=\"aligncenter  wp-image-5081\" src=\"https:\/\/agora.xtec.cat\/ceipmarianao\/wp-content\/uploads\/usu17\/2024\/06\/1-300x212.jpg\" alt=\"\" width=\"550\" height=\"389\" srcset=\"https:\/\/agora.xtec.cat\/ceipmarianao\/wp-content\/uploads\/usu17\/2024\/06\/1-300x212.jpg 300w, https:\/\/agora.xtec.cat\/ceipmarianao\/wp-content\/uploads\/usu17\/2024\/06\/1-1024x724.jpg 1024w, https:\/\/agora.xtec.cat\/ceipmarianao\/wp-content\/uploads\/usu17\/2024\/06\/1-768x543.jpg 768w, https:\/\/agora.xtec.cat\/ceipmarianao\/wp-content\/uploads\/usu17\/2024\/06\/1-1536x1086.jpg 1536w, https:\/\/agora.xtec.cat\/ceipmarianao\/wp-content\/uploads\/usu17\/2024\/06\/1.jpg 2000w\" sizes=\"auto, (max-width: 550px) 100vw, 550px\" \/><\/a><\/p>\n","protected":false},"excerpt":{"rendered":"<p>La nostra escola s&#8217;ha adherit al programa de centres en dansa per a la inclusi\u00f3. Amb aquesta iniciativa pretenem, mitjan\u00e7ant l\u2019acompanyament de les dinamitzadores d\u2019educaci\u00f3 inclusiva (DEI) als territoris, disposar de materials i recursos per a poder enfortir processos interns de construcci\u00f3 d\u2019una cultura inclusiva&hellip;  <a href=\"https:\/\/agora.xtec.cat\/ceipmarianao\/general\/centres-en-dansa-per-a-la-inclusio\/\" title=\"Read CENTRES EN DANSA PER A LA INCLUSI\u00d3\">Llegeix m\u00e9s\u00bb<\/a><\/p>\n","protected":false},"author":3,"featured_media":0,"comment_status":"closed","ping_status":"closed","sticky":false,"template":"","format":"standard","meta":{"_bbp_topic_count":0,"_bbp_reply_count":0,"_bbp_total_topic_count":0,"_bbp_total_reply_count":0,"_bbp_voice_count":0,"_bbp_anonymous_reply_count":0,"_bbp_topic_count_hidden":0,"_bbp_reply_count_hidden":0,"_bbp_forum_subforum_count":0,"footnotes":""},"categories":[1,28,4],"tags":[],"class_list":["post-5079","post","type-post","status-publish","format-standard","hentry","category-general","category-noticies-portada","category-portada"],"post_mailing_queue_ids":[],"_links":{"self":[{"href":"https:\/\/agora.xtec.cat\/ceipmarianao\/wp-json\/wp\/v2\/posts\/5079","targetHints":{"allow":["GET"]}}],"collection":[{"href":"https:\/\/agora.xtec.cat\/ceipmarianao\/wp-json\/wp\/v2\/posts"}],"about":[{"href":"https:\/\/agora.xtec.cat\/ceipmarianao\/wp-json\/wp\/v2\/types\/post"}],"author":[{"embeddable":true,"href":"https:\/\/agora.xtec.cat\/ceipmarianao\/wp-json\/wp\/v2\/users\/3"}],"replies":[{"embeddable":true,"href":"https:\/\/agora.xtec.cat\/ceipmarianao\/wp-json\/wp\/v2\/comments?post=5079"}],"version-history":[{"count":2,"href":"https:\/\/agora.xtec.cat\/ceipmarianao\/wp-json\/wp\/v2\/posts\/5079\/revisions"}],"predecessor-version":[{"id":5082,"href":"https:\/\/agora.xtec.cat\/ceipmarianao\/wp-json\/wp\/v2\/posts\/5079\/revisions\/5082"}],"wp:attachment":[{"href":"https:\/\/agora.xtec.cat\/ceipmarianao\/wp-json\/wp\/v2\/media?parent=5079"}],"wp:term":[{"taxonomy":"category","embeddable":true,"href":"https:\/\/agora.xtec.cat\/ceipmarianao\/wp-json\/wp\/v2\/categories?post=5079"},{"taxonomy":"post_tag","embeddable":true,"href":"https:\/\/agora.xtec.cat\/ceipmarianao\/wp-json\/wp\/v2\/tags?post=5079"}],"curies":[{"name":"wp","href":"https:\/\/api.w.org\/{rel}","templated":true}]}}